{"id":2175,"date":"2026-01-06T17:28:35","date_gmt":"2026-01-06T20:28:35","guid":{"rendered":"https:\/\/rms.cl\/RicardoMewes\/?p=2175"},"modified":"2026-01-06T17:32:44","modified_gmt":"2026-01-06T20:32:44","slug":"la-trazabilidad-se-consolida-como-eje-del-comercio-exterior-moderno","status":"publish","type":"post","link":"https:\/\/rms.cl\/RicardoMewes\/2026\/01\/06\/la-trazabilidad-se-consolida-como-eje-del-comercio-exterior-moderno\/","title":{"rendered":"La trazabilidad se consolida como eje del comercio exterior moderno"},"content":{"rendered":"<p>[et_pb_section fb_built=\u00bb1&#8243; theme_builder_area=\u00bbpost_content\u00bb _builder_version=\u00bb4.27.5&#8243; _module_preset=\u00bbdefault\u00bb][et_pb_row _builder_version=\u00bb4.27.5&#8243; _module_preset=\u00bbdefault\u00bb theme_builder_area=\u00bbpost_content\u00bb][et_pb_column _builder_version=\u00bb4.27.5&#8243; _module_preset=\u00bbdefault\u00bb type=\u00bb4_4&#8243; theme_builder_area=\u00bbpost_content\u00bb][et_pb_text _builder_version=\u00bb4.27.5&#8243; _module_preset=\u00bbdefault\u00bb theme_builder_area=\u00bbpost_content\u00bb hover_enabled=\u00bb0&#8243; sticky_enabled=\u00bb0&#8243;]<\/p>\n<p style=\"text-align: justify\"><span>En el contexto actual del comercio exterior, la <strong>trazabilidad<\/strong> se ha transformado en un elemento central para la gesti\u00f3n eficiente de las operaciones log\u00edsticas. La posibilidad de contar con informaci\u00f3n clara, oportuna y confiable sobre el estado de una carga a lo largo de toda la cadena log\u00edstica ya no es un valor agregado, sino una <strong>necesidad operativa<\/strong> para las empresas que importan y exportan.<\/span><\/p>\n<p style=\"text-align: justify\"><span>La evoluci\u00f3n de la log\u00edstica internacional, impulsada por la digitalizaci\u00f3n y el uso estrat\u00e9gico de datos, ha puesto la trazabilidad en el centro de la toma de decisiones, permitiendo enfrentar entornos cada vez m\u00e1s exigentes y din\u00e1micos.<\/span><\/p>\n<h2 style=\"text-align: justify\"><strong>\u00bfQu\u00e9 se entiende por trazabilidad en el comercio exterior?<\/strong><\/h2>\n<p style=\"text-align: justify\"><span>La trazabilidad en el comercio exterior se refiere a la <strong>capacidad de seguir y monitorear una operaci\u00f3n log\u00edstica en todas sus etapas<\/strong>, desde el origen de la mercanc\u00eda hasta su destino final. Esto incluye el acceso a informaci\u00f3n sobre ubicaci\u00f3n, estado de la carga, documentaci\u00f3n, hitos del transporte y procesos aduaneros asociados.<\/span><\/p>\n<p style=\"text-align: justify\"><span>Una trazabilidad efectiva permite que los distintos actores de la cadena log\u00edstica \u2014exportadores, importadores, transportistas, agencias de aduanas y autoridades\u2014 trabajen sobre una <strong>base de informaci\u00f3n compartida<\/strong>, reduciendo asimetr\u00edas y mejorando la coordinaci\u00f3n.<\/span><\/p>\n<h2 style=\"text-align: justify\"><strong>Digitalizaci\u00f3n y uso de datos como habilitadores clave<\/strong><\/h2>\n<p style=\"text-align: justify\"><span>La consolidaci\u00f3n de la trazabilidad ha sido posible gracias a la <strong>digitalizaci\u00f3n de los procesos log\u00edsticos y aduaneros<\/strong>. La integraci\u00f3n de sistemas, plataformas tecnol\u00f3gicas y flujos de informaci\u00f3n permite centralizar datos, automatizar tareas y contar con visibilidad en tiempo real de las operaciones.<\/span><\/p>\n<p style=\"text-align: justify\"><span>El uso eficiente de datos facilita la <strong>anticipaci\u00f3n de desv\u00edos<\/strong>, la detecci\u00f3n temprana de riesgos y una mejor planificaci\u00f3n log\u00edstica. De esta forma, las empresas pueden tomar decisiones informadas, reducir la incertidumbre y responder de manera oportuna ante contingencias.<\/span><\/p>\n<h2 style=\"text-align: justify\"><strong>Beneficios de una cadena log\u00edstica m\u00e1s visible y conectada<\/strong><\/h2>\n<p style=\"text-align: justify\"><span>Avanzar hacia una mayor trazabilidad en el comercio exterior genera beneficios concretos para las empresas, entre ellos:<\/span><\/p>\n<ul style=\"text-align: justify\">\n<li><span> <\/span><span>Mayor control sobre los tiempos y estados de las operaciones\n<p><\/span><\/li>\n<li><span> <\/span><span>Reducci\u00f3n de retrasos y costos asociados a reprocesos\n<p><\/span><\/li>\n<li><span> <\/span><span>Mejora en la planificaci\u00f3n log\u00edstica y operativa\n<p><\/span><\/li>\n<li><span> <\/span><span>Mayor coordinaci\u00f3n entre los distintos actores de la cadena\n<p><\/span><\/li>\n<li><span> <\/span><span>Fortalecimiento de la continuidad y confiabilidad de las operaciones\n<p><\/span><\/li>\n<\/ul>\n<p style=\"text-align: justify\"><span>En un entorno donde los plazos, el cumplimiento normativo y la eficiencia son cr\u00edticos, la trazabilidad se convierte en un factor clave de competitividad.<\/span><\/p>\n<h2 style=\"text-align: justify\"><strong>Trazabilidad y gesti\u00f3n aduanera eficiente<\/strong><\/h2>\n<p style=\"text-align: justify\"><span>En los procesos de importaci\u00f3n y exportaci\u00f3n, la trazabilidad tambi\u00e9n cumple un rol relevante en la <strong>gesti\u00f3n aduanera<\/strong>. Contar con informaci\u00f3n integrada y actualizada permite preparar y validar documentaci\u00f3n de manera m\u00e1s precisa, responder de forma oportuna a requerimientos de la autoridad y facilitar el despacho aduanero.<\/span><\/p>\n<p style=\"text-align: justify\"><span>Una cadena log\u00edstica visible contribuye a una relaci\u00f3n m\u00e1s fluida con las aduanas, apoyando el cumplimiento normativo y reduciendo riesgos operativos.<\/span><\/p>\n<h2 style=\"text-align: justify\"><strong>Un desaf\u00edo estrat\u00e9gico para el comercio exterior<\/strong><\/h2>\n<p style=\"text-align: justify\"><span>La consolidaci\u00f3n de la trazabilidad como eje del comercio exterior plantea un desaf\u00edo estrat\u00e9gico para el sector: <strong>avanzar hacia cadenas log\u00edsticas cada vez m\u00e1s conectadas, transparentes y digitales<\/strong>. Esto no solo implica incorporar tecnolog\u00eda, sino tambi\u00e9n mejorar la coordinaci\u00f3n entre procesos, personas y sistemas.<\/span><\/p>\n<p style=\"text-align: justify\"><span>En RMS entendemos la trazabilidad como una herramienta fundamental para acompa\u00f1ar a nuestros clientes en un entorno log\u00edstico en constante evoluci\u00f3n, apoyando una gesti\u00f3n aduanera eficiente, informada y alineada con las exigencias actuales del comercio internacional.<\/span><\/p>\n<p>[\/et_pb_text][\/et_pb_column][\/et_pb_row][\/et_pb_section]<\/p>\n","protected":false},"excerpt":{"rendered":"<p>En el contexto actual del comercio exterior, la trazabilidad se ha transformado en un elemento central para la gesti\u00f3n eficiente de las operaciones log\u00edsticas. La posibilidad de contar con informaci\u00f3n clara, oportuna y confiable sobre el estado de una carga a lo largo de toda la cadena log\u00edstica ya no es un valor agregado, sino [&hellip;]<\/p>\n","protected":false},"author":7,"featured_media":2176,"comment_status":"closed","ping_status":"closed","sticky":false,"template":"","format":"standard","meta":{"_et_pb_use_builder":"on","_et_pb_old_content":"","_et_gb_content_width":"","footnotes":""},"categories":[11],"tags":[],"class_list":["post-2175","post","type-post","status-publish","format-standard","has-post-thumbnail","hentry","category-rms"],"yoast_head":"<!-- This site is optimized with the Yoast SEO plugin v27.4 - https:\/\/yoast.com\/product\/yoast-seo-wordpress\/ -->\n<title>La trazabilidad se consolida como eje del comercio exterior moderno - RMS Ricardo\u00a0Mewes\u00a0Schnaidt<\/title>\n<meta name=\"robots\" content=\"index, follow, max-snippet:-1, max-image-preview:large, max-video-preview:-1\" \/>\n<link rel=\"canonical\" href=\"https:\/\/rms.cl\/RicardoMewes\/2026\/01\/06\/la-trazabilidad-se-consolida-como-eje-del-comercio-exterior-moderno\/\" \/>\n<meta property=\"og:locale\" content=\"es_ES\" \/>\n<meta property=\"og:type\" content=\"article\" \/>\n<meta property=\"og:title\" content=\"La trazabilidad se consolida como eje del comercio exterior moderno - RMS Ricardo\u00a0Mewes\u00a0Schnaidt\" \/>\n<meta property=\"og:description\" content=\"En el contexto actual del comercio exterior, la trazabilidad se ha transformado en un elemento central para la gesti\u00f3n eficiente de las operaciones log\u00edsticas. La posibilidad de contar con informaci\u00f3n clara, oportuna y confiable sobre el estado de una carga a lo largo de toda la cadena log\u00edstica ya no es un valor agregado, sino [&hellip;]\" \/>\n<meta property=\"og:url\" content=\"https:\/\/rms.cl\/RicardoMewes\/2026\/01\/06\/la-trazabilidad-se-consolida-como-eje-del-comercio-exterior-moderno\/\" \/>\n<meta property=\"og:site_name\" content=\"RMS Ricardo\u00a0Mewes\u00a0Schnaidt\" \/>\n<meta property=\"article:published_time\" content=\"2026-01-06T20:28:35+00:00\" \/>\n<meta property=\"article:modified_time\" content=\"2026-01-06T20:32:44+00:00\" \/>\n<meta property=\"og:image\" content=\"https:\/\/rms.cl\/wp-content\/uploads\/2026\/01\/Trazabilidad-comercio-exterior.jpg\" \/>\n\t<meta property=\"og:image:width\" content=\"2240\" \/>\n\t<meta property=\"og:image:height\" content=\"1260\" \/>\n\t<meta property=\"og:image:type\" content=\"image\/jpeg\" \/>\n<meta name=\"author\" content=\"RMS\" \/>\n<meta name=\"twitter:card\" content=\"summary_large_image\" \/>\n<meta name=\"twitter:label1\" content=\"Escrito por\" \/>\n\t<meta name=\"twitter:data1\" content=\"RMS\" \/>\n\t<meta name=\"twitter:label2\" content=\"Tiempo de lectura\" \/>\n\t<meta name=\"twitter:data2\" content=\"1 minuto\" \/>\n<script type=\"application\/ld+json\" class=\"yoast-schema-graph\">{\"@context\":\"https:\\\/\\\/schema.org\",\"@graph\":[{\"@type\":\"Article\",\"@id\":\"https:\\\/\\\/rms.cl\\\/RicardoMewes\\\/2026\\\/01\\\/06\\\/la-trazabilidad-se-consolida-como-eje-del-comercio-exterior-moderno\\\/#article\",\"isPartOf\":{\"@id\":\"https:\\\/\\\/rms.cl\\\/RicardoMewes\\\/2026\\\/01\\\/06\\\/la-trazabilidad-se-consolida-como-eje-del-comercio-exterior-moderno\\\/\"},\"author\":{\"name\":\"RMS\",\"@id\":\"https:\\\/\\\/rms.cl\\\/RicardoMewes\\\/#\\\/schema\\\/person\\\/af70fa4a340a489c31757182767917ba\"},\"headline\":\"La trazabilidad se consolida como eje del comercio exterior moderno\",\"datePublished\":\"2026-01-06T20:28:35+00:00\",\"dateModified\":\"2026-01-06T20:32:44+00:00\",\"mainEntityOfPage\":{\"@id\":\"https:\\\/\\\/rms.cl\\\/RicardoMewes\\\/2026\\\/01\\\/06\\\/la-trazabilidad-se-consolida-como-eje-del-comercio-exterior-moderno\\\/\"},\"wordCount\":684,\"publisher\":{\"@id\":\"https:\\\/\\\/rms.cl\\\/RicardoMewes\\\/#organization\"},\"image\":{\"@id\":\"https:\\\/\\\/rms.cl\\\/RicardoMewes\\\/2026\\\/01\\\/06\\\/la-trazabilidad-se-consolida-como-eje-del-comercio-exterior-moderno\\\/#primaryimage\"},\"thumbnailUrl\":\"https:\\\/\\\/rms.cl\\\/wp-content\\\/uploads\\\/2026\\\/01\\\/Trazabilidad-comercio-exterior.jpg\",\"articleSection\":[\"RMS\"],\"inLanguage\":\"es\"},{\"@type\":\"WebPage\",\"@id\":\"https:\\\/\\\/rms.cl\\\/RicardoMewes\\\/2026\\\/01\\\/06\\\/la-trazabilidad-se-consolida-como-eje-del-comercio-exterior-moderno\\\/\",\"url\":\"https:\\\/\\\/rms.cl\\\/RicardoMewes\\\/2026\\\/01\\\/06\\\/la-trazabilidad-se-consolida-como-eje-del-comercio-exterior-moderno\\\/\",\"name\":\"La trazabilidad se consolida como eje del comercio exterior moderno - RMS Ricardo\u00a0Mewes\u00a0Schnaidt\",\"isPartOf\":{\"@id\":\"https:\\\/\\\/rms.cl\\\/RicardoMewes\\\/#website\"},\"primaryImageOfPage\":{\"@id\":\"https:\\\/\\\/rms.cl\\\/RicardoMewes\\\/2026\\\/01\\\/06\\\/la-trazabilidad-se-consolida-como-eje-del-comercio-exterior-moderno\\\/#primaryimage\"},\"image\":{\"@id\":\"https:\\\/\\\/rms.cl\\\/RicardoMewes\\\/2026\\\/01\\\/06\\\/la-trazabilidad-se-consolida-como-eje-del-comercio-exterior-moderno\\\/#primaryimage\"},\"thumbnailUrl\":\"https:\\\/\\\/rms.cl\\\/wp-content\\\/uploads\\\/2026\\\/01\\\/Trazabilidad-comercio-exterior.jpg\",\"datePublished\":\"2026-01-06T20:28:35+00:00\",\"dateModified\":\"2026-01-06T20:32:44+00:00\",\"breadcrumb\":{\"@id\":\"https:\\\/\\\/rms.cl\\\/RicardoMewes\\\/2026\\\/01\\\/06\\\/la-trazabilidad-se-consolida-como-eje-del-comercio-exterior-moderno\\\/#breadcrumb\"},\"inLanguage\":\"es\",\"potentialAction\":[{\"@type\":\"ReadAction\",\"target\":[\"https:\\\/\\\/rms.cl\\\/RicardoMewes\\\/2026\\\/01\\\/06\\\/la-trazabilidad-se-consolida-como-eje-del-comercio-exterior-moderno\\\/\"]}]},{\"@type\":\"ImageObject\",\"inLanguage\":\"es\",\"@id\":\"https:\\\/\\\/rms.cl\\\/RicardoMewes\\\/2026\\\/01\\\/06\\\/la-trazabilidad-se-consolida-como-eje-del-comercio-exterior-moderno\\\/#primaryimage\",\"url\":\"https:\\\/\\\/rms.cl\\\/wp-content\\\/uploads\\\/2026\\\/01\\\/Trazabilidad-comercio-exterior.jpg\",\"contentUrl\":\"https:\\\/\\\/rms.cl\\\/wp-content\\\/uploads\\\/2026\\\/01\\\/Trazabilidad-comercio-exterior.jpg\",\"width\":2240,\"height\":1260},{\"@type\":\"BreadcrumbList\",\"@id\":\"https:\\\/\\\/rms.cl\\\/RicardoMewes\\\/2026\\\/01\\\/06\\\/la-trazabilidad-se-consolida-como-eje-del-comercio-exterior-moderno\\\/#breadcrumb\",\"itemListElement\":[{\"@type\":\"ListItem\",\"position\":1,\"name\":\"Portada\",\"item\":\"https:\\\/\\\/rms.cl\\\/RicardoMewes\\\/\"},{\"@type\":\"ListItem\",\"position\":2,\"name\":\"La trazabilidad se consolida como eje del comercio exterior moderno\"}]},{\"@type\":\"WebSite\",\"@id\":\"https:\\\/\\\/rms.cl\\\/RicardoMewes\\\/#website\",\"url\":\"https:\\\/\\\/rms.cl\\\/RicardoMewes\\\/\",\"name\":\"RMS Ricardo\u00a0Mewes\u00a0Schnaidt\",\"description\":\"Agencia\u00a0de\u00a0Aduanas\",\"publisher\":{\"@id\":\"https:\\\/\\\/rms.cl\\\/RicardoMewes\\\/#organization\"},\"potentialAction\":[{\"@type\":\"SearchAction\",\"target\":{\"@type\":\"EntryPoint\",\"urlTemplate\":\"https:\\\/\\\/rms.cl\\\/RicardoMewes\\\/?s={search_term_string}\"},\"query-input\":{\"@type\":\"PropertyValueSpecification\",\"valueRequired\":true,\"valueName\":\"search_term_string\"}}],\"inLanguage\":\"es\"},{\"@type\":\"Organization\",\"@id\":\"https:\\\/\\\/rms.cl\\\/RicardoMewes\\\/#organization\",\"name\":\"RMS Ricardo\u00a0Mewes\u00a0Schnaidt\",\"url\":\"https:\\\/\\\/rms.cl\\\/RicardoMewes\\\/\",\"logo\":{\"@type\":\"ImageObject\",\"inLanguage\":\"es\",\"@id\":\"https:\\\/\\\/rms.cl\\\/RicardoMewes\\\/#\\\/schema\\\/logo\\\/image\\\/\",\"url\":\"https:\\\/\\\/rms.cl\\\/wp-content\\\/uploads\\\/2024\\\/04\\\/WhatsApp-Image-2024-04-10-at-08.21.12.jpeg\",\"contentUrl\":\"https:\\\/\\\/rms.cl\\\/wp-content\\\/uploads\\\/2024\\\/04\\\/WhatsApp-Image-2024-04-10-at-08.21.12.jpeg\",\"width\":512,\"height\":512,\"caption\":\"RMS Ricardo\u00a0Mewes\u00a0Schnaidt\"},\"image\":{\"@id\":\"https:\\\/\\\/rms.cl\\\/RicardoMewes\\\/#\\\/schema\\\/logo\\\/image\\\/\"}},{\"@type\":\"Person\",\"@id\":\"https:\\\/\\\/rms.cl\\\/RicardoMewes\\\/#\\\/schema\\\/person\\\/af70fa4a340a489c31757182767917ba\",\"name\":\"RMS\",\"image\":{\"@type\":\"ImageObject\",\"inLanguage\":\"es\",\"@id\":\"https:\\\/\\\/secure.gravatar.com\\\/avatar\\\/eceb98833812571c8fa91bf39e6af879b15c941d5bff9c5c19d78d003d04dfa9?s=96&d=mm&r=g\",\"url\":\"https:\\\/\\\/secure.gravatar.com\\\/avatar\\\/eceb98833812571c8fa91bf39e6af879b15c941d5bff9c5c19d78d003d04dfa9?s=96&d=mm&r=g\",\"contentUrl\":\"https:\\\/\\\/secure.gravatar.com\\\/avatar\\\/eceb98833812571c8fa91bf39e6af879b15c941d5bff9c5c19d78d003d04dfa9?s=96&d=mm&r=g\",\"caption\":\"RMS\"},\"url\":\"https:\\\/\\\/rms.cl\\\/RicardoMewes\\\/author\\\/mkt\\\/\"}]}<\/script>\n<!-- \/ Yoast SEO plugin. -->","yoast_head_json":{"title":"La trazabilidad se consolida como eje del comercio exterior moderno - RMS Ricardo\u00a0Mewes\u00a0Schnaidt","robots":{"index":"index","follow":"follow","max-snippet":"max-snippet:-1","max-image-preview":"max-image-preview:large","max-video-preview":"max-video-preview:-1"},"canonical":"https:\/\/rms.cl\/RicardoMewes\/2026\/01\/06\/la-trazabilidad-se-consolida-como-eje-del-comercio-exterior-moderno\/","og_locale":"es_ES","og_type":"article","og_title":"La trazabilidad se consolida como eje del comercio exterior moderno - RMS Ricardo\u00a0Mewes\u00a0Schnaidt","og_description":"En el contexto actual del comercio exterior, la trazabilidad se ha transformado en un elemento central para la gesti\u00f3n eficiente de las operaciones log\u00edsticas. La posibilidad de contar con informaci\u00f3n clara, oportuna y confiable sobre el estado de una carga a lo largo de toda la cadena log\u00edstica ya no es un valor agregado, sino [&hellip;]","og_url":"https:\/\/rms.cl\/RicardoMewes\/2026\/01\/06\/la-trazabilidad-se-consolida-como-eje-del-comercio-exterior-moderno\/","og_site_name":"RMS Ricardo\u00a0Mewes\u00a0Schnaidt","article_published_time":"2026-01-06T20:28:35+00:00","article_modified_time":"2026-01-06T20:32:44+00:00","og_image":[{"width":2240,"height":1260,"url":"https:\/\/rms.cl\/wp-content\/uploads\/2026\/01\/Trazabilidad-comercio-exterior.jpg","type":"image\/jpeg"}],"author":"RMS","twitter_card":"summary_large_image","twitter_misc":{"Escrito por":"RMS","Tiempo de lectura":"1 minuto"},"schema":{"@context":"https:\/\/schema.org","@graph":[{"@type":"Article","@id":"https:\/\/rms.cl\/RicardoMewes\/2026\/01\/06\/la-trazabilidad-se-consolida-como-eje-del-comercio-exterior-moderno\/#article","isPartOf":{"@id":"https:\/\/rms.cl\/RicardoMewes\/2026\/01\/06\/la-trazabilidad-se-consolida-como-eje-del-comercio-exterior-moderno\/"},"author":{"name":"RMS","@id":"https:\/\/rms.cl\/RicardoMewes\/#\/schema\/person\/af70fa4a340a489c31757182767917ba"},"headline":"La trazabilidad se consolida como eje del comercio exterior moderno","datePublished":"2026-01-06T20:28:35+00:00","dateModified":"2026-01-06T20:32:44+00:00","mainEntityOfPage":{"@id":"https:\/\/rms.cl\/RicardoMewes\/2026\/01\/06\/la-trazabilidad-se-consolida-como-eje-del-comercio-exterior-moderno\/"},"wordCount":684,"publisher":{"@id":"https:\/\/rms.cl\/RicardoMewes\/#organization"},"image":{"@id":"https:\/\/rms.cl\/RicardoMewes\/2026\/01\/06\/la-trazabilidad-se-consolida-como-eje-del-comercio-exterior-moderno\/#primaryimage"},"thumbnailUrl":"https:\/\/rms.cl\/wp-content\/uploads\/2026\/01\/Trazabilidad-comercio-exterior.jpg","articleSection":["RMS"],"inLanguage":"es"},{"@type":"WebPage","@id":"https:\/\/rms.cl\/RicardoMewes\/2026\/01\/06\/la-trazabilidad-se-consolida-como-eje-del-comercio-exterior-moderno\/","url":"https:\/\/rms.cl\/RicardoMewes\/2026\/01\/06\/la-trazabilidad-se-consolida-como-eje-del-comercio-exterior-moderno\/","name":"La trazabilidad se consolida como eje del comercio exterior moderno - RMS Ricardo\u00a0Mewes\u00a0Schnaidt","isPartOf":{"@id":"https:\/\/rms.cl\/RicardoMewes\/#website"},"primaryImageOfPage":{"@id":"https:\/\/rms.cl\/RicardoMewes\/2026\/01\/06\/la-trazabilidad-se-consolida-como-eje-del-comercio-exterior-moderno\/#primaryimage"},"image":{"@id":"https:\/\/rms.cl\/RicardoMewes\/2026\/01\/06\/la-trazabilidad-se-consolida-como-eje-del-comercio-exterior-moderno\/#primaryimage"},"thumbnailUrl":"https:\/\/rms.cl\/wp-content\/uploads\/2026\/01\/Trazabilidad-comercio-exterior.jpg","datePublished":"2026-01-06T20:28:35+00:00","dateModified":"2026-01-06T20:32:44+00:00","breadcrumb":{"@id":"https:\/\/rms.cl\/RicardoMewes\/2026\/01\/06\/la-trazabilidad-se-consolida-como-eje-del-comercio-exterior-moderno\/#breadcrumb"},"inLanguage":"es","potentialAction":[{"@type":"ReadAction","target":["https:\/\/rms.cl\/RicardoMewes\/2026\/01\/06\/la-trazabilidad-se-consolida-como-eje-del-comercio-exterior-moderno\/"]}]},{"@type":"ImageObject","inLanguage":"es","@id":"https:\/\/rms.cl\/RicardoMewes\/2026\/01\/06\/la-trazabilidad-se-consolida-como-eje-del-comercio-exterior-moderno\/#primaryimage","url":"https:\/\/rms.cl\/wp-content\/uploads\/2026\/01\/Trazabilidad-comercio-exterior.jpg","contentUrl":"https:\/\/rms.cl\/wp-content\/uploads\/2026\/01\/Trazabilidad-comercio-exterior.jpg","width":2240,"height":1260},{"@type":"BreadcrumbList","@id":"https:\/\/rms.cl\/RicardoMewes\/2026\/01\/06\/la-trazabilidad-se-consolida-como-eje-del-comercio-exterior-moderno\/#breadcrumb","itemListElement":[{"@type":"ListItem","position":1,"name":"Portada","item":"https:\/\/rms.cl\/RicardoMewes\/"},{"@type":"ListItem","position":2,"name":"La trazabilidad se consolida como eje del comercio exterior moderno"}]},{"@type":"WebSite","@id":"https:\/\/rms.cl\/RicardoMewes\/#website","url":"https:\/\/rms.cl\/RicardoMewes\/","name":"RMS Ricardo\u00a0Mewes\u00a0Schnaidt","description":"Agencia\u00a0de\u00a0Aduanas","publisher":{"@id":"https:\/\/rms.cl\/RicardoMewes\/#organization"},"potentialAction":[{"@type":"SearchAction","target":{"@type":"EntryPoint","urlTemplate":"https:\/\/rms.cl\/RicardoMewes\/?s={search_term_string}"},"query-input":{"@type":"PropertyValueSpecification","valueRequired":true,"valueName":"search_term_string"}}],"inLanguage":"es"},{"@type":"Organization","@id":"https:\/\/rms.cl\/RicardoMewes\/#organization","name":"RMS Ricardo\u00a0Mewes\u00a0Schnaidt","url":"https:\/\/rms.cl\/RicardoMewes\/","logo":{"@type":"ImageObject","inLanguage":"es","@id":"https:\/\/rms.cl\/RicardoMewes\/#\/schema\/logo\/image\/","url":"https:\/\/rms.cl\/wp-content\/uploads\/2024\/04\/WhatsApp-Image-2024-04-10-at-08.21.12.jpeg","contentUrl":"https:\/\/rms.cl\/wp-content\/uploads\/2024\/04\/WhatsApp-Image-2024-04-10-at-08.21.12.jpeg","width":512,"height":512,"caption":"RMS Ricardo\u00a0Mewes\u00a0Schnaidt"},"image":{"@id":"https:\/\/rms.cl\/RicardoMewes\/#\/schema\/logo\/image\/"}},{"@type":"Person","@id":"https:\/\/rms.cl\/RicardoMewes\/#\/schema\/person\/af70fa4a340a489c31757182767917ba","name":"RMS","image":{"@type":"ImageObject","inLanguage":"es","@id":"https:\/\/secure.gravatar.com\/avatar\/eceb98833812571c8fa91bf39e6af879b15c941d5bff9c5c19d78d003d04dfa9?s=96&d=mm&r=g","url":"https:\/\/secure.gravatar.com\/avatar\/eceb98833812571c8fa91bf39e6af879b15c941d5bff9c5c19d78d003d04dfa9?s=96&d=mm&r=g","contentUrl":"https:\/\/secure.gravatar.com\/avatar\/eceb98833812571c8fa91bf39e6af879b15c941d5bff9c5c19d78d003d04dfa9?s=96&d=mm&r=g","caption":"RMS"},"url":"https:\/\/rms.cl\/RicardoMewes\/author\/mkt\/"}]}},"_links":{"self":[{"href":"https:\/\/rms.cl\/RicardoMewes\/wp-json\/wp\/v2\/posts\/2175","targetHints":{"allow":["GET"]}}],"collection":[{"href":"https:\/\/rms.cl\/RicardoMewes\/wp-json\/wp\/v2\/posts"}],"about":[{"href":"https:\/\/rms.cl\/RicardoMewes\/wp-json\/wp\/v2\/types\/post"}],"author":[{"embeddable":true,"href":"https:\/\/rms.cl\/RicardoMewes\/wp-json\/wp\/v2\/users\/7"}],"replies":[{"embeddable":true,"href":"https:\/\/rms.cl\/RicardoMewes\/wp-json\/wp\/v2\/comments?post=2175"}],"version-history":[{"count":3,"href":"https:\/\/rms.cl\/RicardoMewes\/wp-json\/wp\/v2\/posts\/2175\/revisions"}],"predecessor-version":[{"id":2179,"href":"https:\/\/rms.cl\/RicardoMewes\/wp-json\/wp\/v2\/posts\/2175\/revisions\/2179"}],"wp:featuredmedia":[{"embeddable":true,"href":"https:\/\/rms.cl\/RicardoMewes\/wp-json\/wp\/v2\/media\/2176"}],"wp:attachment":[{"href":"https:\/\/rms.cl\/RicardoMewes\/wp-json\/wp\/v2\/media?parent=2175"}],"wp:term":[{"taxonomy":"category","embeddable":true,"href":"https:\/\/rms.cl\/RicardoMewes\/wp-json\/wp\/v2\/categories?post=2175"},{"taxonomy":"post_tag","embeddable":true,"href":"https:\/\/rms.cl\/RicardoMewes\/wp-json\/wp\/v2\/tags?post=2175"}],"curies":[{"name":"wp","href":"https:\/\/api.w.org\/{rel}","templated":true}]}}