{"id":2229,"date":"2026-01-14T17:08:39","date_gmt":"2026-01-14T20:08:39","guid":{"rendered":"https:\/\/rms.cl\/RicardoMewes\/?p=2229"},"modified":"2026-01-14T17:11:45","modified_gmt":"2026-01-14T20:11:45","slug":"actualidad-chile-y-panama-fortalecen-lazos-comerciales-para-ampliar-el-intercambio","status":"publish","type":"post","link":"https:\/\/rms.cl\/RicardoMewes\/2026\/01\/14\/actualidad-chile-y-panama-fortalecen-lazos-comerciales-para-ampliar-el-intercambio\/","title":{"rendered":"ACTUALIDAD: Chile y Panam\u00e1 fortalecen lazos comerciales para ampliar el intercambio"},"content":{"rendered":"<p>[et_pb_section fb_built=\u00bb1&#8243; theme_builder_area=\u00bbpost_content\u00bb _builder_version=\u00bb4.27.5&#8243; _module_preset=\u00bbdefault\u00bb][et_pb_row _builder_version=\u00bb4.27.5&#8243; _module_preset=\u00bbdefault\u00bb theme_builder_area=\u00bbpost_content\u00bb][et_pb_column _builder_version=\u00bb4.27.5&#8243; _module_preset=\u00bbdefault\u00bb type=\u00bb4_4&#8243; theme_builder_area=\u00bbpost_content\u00bb][et_pb_text _builder_version=\u00bb4.27.5&#8243; _module_preset=\u00bbdefault\u00bb theme_builder_area=\u00bbpost_content\u00bb hover_enabled=\u00bb0&#8243; sticky_enabled=\u00bb0&#8243;]<\/p>\n<p style=\"text-align: justify\"><span style=\"font-weight: 400\">En el contexto del comercio exterior latinoamericano, <\/span><b>Chile y Panam\u00e1 contin\u00faan avanzando en la consolidaci\u00f3n de sus relaciones comerciales<\/b><span style=\"font-weight: 400\">, con el objetivo de <\/span><b>ampliar el intercambio bilateral y generar mayores oportunidades econ\u00f3micas y log\u00edsticas para ambos pa\u00edses<\/b><span style=\"font-weight: 400\">. Esta din\u00e1mica de cooperaci\u00f3n se desarrolla en el marco del <\/span><b>Tratado de Libre Comercio (TLC)<\/b><span style=\"font-weight: 400\"> vigente entre ambas naciones, y busca traducirse en exportaciones m\u00e1s competitivas, mayor diversificaci\u00f3n de productos y una apertura m\u00e1s efectiva de mercados.<\/span><\/p>\n<h2 style=\"text-align: justify\"><b>Fortalecimiento de la relaci\u00f3n comercial bilateral<\/b><\/h2>\n<p style=\"text-align: justify\"><span style=\"font-weight: 400\">Las autoridades de comercio y representantes diplom\u00e1ticos de Chile y Panam\u00e1 han impulsado una agenda de trabajo conjunta orientada a dinamizar el comercio entre ambos pa\u00edses. Entre los principales temas abordados se encuentra la voluntad de <\/span><b>simplificar gestiones comerciales<\/b><span style=\"font-weight: 400\">, definir rutas log\u00edsticas claras y establecer <\/span><b>tiempos previsibles para las exportaciones e importaciones<\/b><span style=\"font-weight: 400\">, elementos fundamentales para incrementar la competitividad de los productos que cruzan las fronteras.<\/span><\/p>\n<p style=\"text-align: justify\"><span style=\"font-weight: 400\">Un foco destacado de este impulso comercial es la intenci\u00f3n de ver <\/span><b>m\u00e1s productos paname\u00f1os en el mercado chileno<\/b><span style=\"font-weight: 400\">, especialmente aquellos con <\/span><b>valor agregado<\/b><span style=\"font-weight: 400\">, como caf\u00e9 o productos de <\/span><b>agroindustria<\/b><span style=\"font-weight: 400\">, bajo la etiqueta de calidad que representa el sello \u201cHecho en Panam\u00e1\u201d. Esta apertura favorece especialmente a sectores productivos que buscan ampliar su presencia en mercados internacionales, promoviendo mayor diversidad de bienes y opciones para los importadores chilenos.<\/span><\/p>\n<h2 style=\"text-align: justify\"><b>\u00bfPor qu\u00e9 es relevante esta ampliaci\u00f3n del comercio bilateral?<\/b><\/h2>\n<p style=\"text-align: justify\"><span style=\"font-weight: 400\">El fortalecimiento de los lazos comerciales entre Chile y Panam\u00e1 tiene implicancias directas para la <\/span><b>log\u00edstica internacional<\/b><span style=\"font-weight: 400\">, los <\/span><b>procesos aduaneros<\/b><span style=\"font-weight: 400\"> y la <\/span><b>planificaci\u00f3n de operaciones de comercio exterior<\/b><span style=\"font-weight: 400\">. Entre los beneficios esperados figuran:<\/span><\/p>\n<ul style=\"text-align: justify\">\n<li style=\"font-weight: 400\"><b>Mayor previsibilidad en los procesos de importaci\u00f3n y exportaci\u00f3n<\/b><span style=\"font-weight: 400\">, reduciendo incertidumbres operativas.<\/span>\n<p>&nbsp;<\/p>\n<\/li>\n<li style=\"font-weight: 400\"><b>Coordinaci\u00f3n m\u00e1s eficiente entre agentes log\u00edsticos, exportadores e importadores<\/b><span style=\"font-weight: 400\">.<\/span>\n<p>&nbsp;<\/p>\n<\/li>\n<li style=\"font-weight: 400\"><b>Incremento de flujos comerciales y diversificaci\u00f3n de productos intercambiados<\/b><span style=\"font-weight: 400\">.<\/span>\n<p>&nbsp;<\/p>\n<\/li>\n<li style=\"font-weight: 400\"><b>Generaci\u00f3n de oportunidades de negocio para pymes y grandes empresas<\/b><span style=\"font-weight: 400\"> que operan en ambos pa\u00edses.<\/span>\n<p>&nbsp;<\/p>\n<\/li>\n<\/ul>\n<p style=\"text-align: justify\"><span style=\"font-weight: 400\">Adem\u00e1s, el fortalecimiento de los v\u00ednculos comerciales facilita la vinculaci\u00f3n entre empresas de ambos lados, promoviendo espacios de <\/span><b>negocios, acuerdos comerciales y alianzas estrat\u00e9gicas<\/b><span style=\"font-weight: 400\"> que pueden resultar en un comercio m\u00e1s din\u00e1mico y sostenible a largo plazo.<\/span><\/p>\n<h2 style=\"text-align: justify\"><b>El rol de la log\u00edstica y la gesti\u00f3n aduanera en un comercio bilateral din\u00e1mico<\/b><\/h2>\n<p style=\"text-align: justify\"><span style=\"font-weight: 400\">En un escenario de mayor intercambio comercial entre Chile y Panam\u00e1, la <\/span><b>log\u00edstica internacional y los procesos aduaneros<\/b><span style=\"font-weight: 400\"> juegan un papel fundamental. Para que las exportaciones e importaciones se concreten de forma eficiente, es necesario:<\/span><\/p>\n<ul style=\"text-align: justify\">\n<li style=\"font-weight: 400\"><b>Optimizar rutas log\u00edsticas y tiempos de tr\u00e1nsito<\/b><b> <\/b>\n<p><b><\/b><\/p>\n<\/li>\n<li style=\"font-weight: 400\"><span style=\"font-weight: 400\">Asegurar que la <\/span><b>documentaci\u00f3n aduanera est\u00e9 completa y alineada con los requisitos de cada pa\u00eds<\/b><b> <\/b>\n<p><b><\/b><\/p>\n<\/li>\n<li style=\"font-weight: 400\"><span style=\"font-weight: 400\">Reducir tiempos de despacho mediante coordinaci\u00f3n efectiva entre agentes<\/span>\n<p>&nbsp;<\/p>\n<\/li>\n<li style=\"font-weight: 400\"><span style=\"font-weight: 400\">Facilitar la trazabilidad de las mercanc\u00edas durante todo el proceso log\u00edstico<\/span>\n<p>&nbsp;<\/p>\n<\/li>\n<\/ul>\n<p style=\"text-align: justify\"><span style=\"font-weight: 400\">Una gesti\u00f3n log\u00edstica y aduanera bien planificada permite que los productos fluyan de forma m\u00e1s r\u00e1pida y segura entre mercados, fortaleciendo la competitividad y reduciendo costos asociados a demoras o falta de previsi\u00f3n.<\/span><\/p>\n<h2 style=\"text-align: justify\"><b>Oportunidades para exportadores e importadores<\/b><\/h2>\n<p style=\"text-align: justify\"><span style=\"font-weight: 400\">El impulso a las relaciones comerciales entre Chile y Panam\u00e1 abre puertas para exportadores paname\u00f1os interesados en ingresar al mercado chileno, as\u00ed como para importadores chilenos que diversifican sus portafolios. Productos con valor agregado, como alimentos procesados, bebidas y bienes industriales, encuentran en este dinamismo una oportunidad para expandir su presencia internacional.<\/span><\/p>\n<p style=\"text-align: justify\"><span style=\"font-weight: 400\">Por otro lado, las empresas chilenas tambi\u00e9n pueden aprovechar la ubicaci\u00f3n estrat\u00e9gica de Panam\u00e1 como <\/span><b>centro log\u00edstico y nodo de conexi\u00f3n internacional<\/b><span style=\"font-weight: 400\">, lo que facilita el acceso a otros mercados en Centroam\u00e9rica, el Caribe y m\u00e1s all\u00e1.<\/span><\/p>\n<p style=\"text-align: justify\">\n<p style=\"text-align: justify\"><span style=\"font-weight: 400\">El fortalecimiento de las relaciones comerciales entre <\/span><b>Chile y Panam\u00e1<\/b><span style=\"font-weight: 400\"> representa una oportunidad relevante para las empresas que participan activamente en el comercio exterior. La ampliaci\u00f3n del intercambio bilateral, impulsada por una agenda conjunta de simplificaci\u00f3n y cooperaci\u00f3n, permite generar condiciones m\u00e1s claras y competitivas para exportadores e importadores de ambos pa\u00edses.<\/span><\/p>\n<p style=\"text-align: justify\"><span style=\"font-weight: 400\">En un entorno cada vez m\u00e1s globalizado, estos avances no solo benefician la conectividad comercial, sino que tambi\u00e9n fortalecen la integraci\u00f3n log\u00edstica y aduanera, aspectos que son fundamentales para la eficiencia operativa de cualquier negocio que opera en mercados internacionales.<\/span><\/p>\n<h2 style=\"text-align: justify\"><b>\u00bfNecesitas apoyo con tus operaciones de comercio exterior?<\/b><\/h2>\n<p style=\"text-align: justify\"><span style=\"font-weight: 400\">En <\/span><b>RMS<\/b><span style=\"font-weight: 400\"> acompa\u00f1amos a nuestros clientes en cada etapa de sus procesos log\u00edsticos y aduaneros, aportando claridad, experiencia t\u00e9cnica y una gesti\u00f3n eficiente que te permita aprovechar las oportunidades que genera el fortalecimiento del comercio bilateral.<\/span><\/p>\n<p style=\"text-align: justify\"><b>Cont\u00e1ctanos<\/b><span style=\"font-weight: 400\"> para optimizar tus operaciones, reducir riesgos y avanzar con confianza en tus exportaciones e importaciones bajo condiciones comerciales actuales.<\/span><\/p>\n<p style=\"text-align: justify\">\n<p>[\/et_pb_text][\/et_pb_column][\/et_pb_row][\/et_pb_section]<\/p>\n","protected":false},"excerpt":{"rendered":"<p>En el contexto del comercio exterior latinoamericano, Chile y Panam\u00e1 contin\u00faan avanzando en la consolidaci\u00f3n de sus relaciones comerciales, con el objetivo de ampliar el intercambio bilateral y generar mayores oportunidades econ\u00f3micas y log\u00edsticas para ambos pa\u00edses. Esta din\u00e1mica de cooperaci\u00f3n se desarrolla en el marco del Tratado de Libre Comercio (TLC) vigente entre ambas [&hellip;]<\/p>\n","protected":false},"author":7,"featured_media":2230,"comment_status":"closed","ping_status":"closed","sticky":false,"template":"","format":"standard","meta":{"_et_pb_use_builder":"on","_et_pb_old_content":"","_et_gb_content_width":"","footnotes":""},"categories":[11],"tags":[],"class_list":["post-2229","post","type-post","status-publish","format-standard","has-post-thumbnail","hentry","category-rms"],"yoast_head":"<!-- This site is optimized with the Yoast SEO plugin v27.4 - https:\/\/yoast.com\/product\/yoast-seo-wordpress\/ -->\n<title>ACTUALIDAD: Chile y Panam\u00e1 fortalecen lazos comerciales para ampliar el intercambio - RMS Ricardo\u00a0Mewes\u00a0Schnaidt<\/title>\n<meta name=\"description\" content=\"Chile y Panam\u00e1 fortalecen su comercio bilateral para ampliar el intercambio. Conoce el impacto en la log\u00edstica, los procesos aduaneros y las oportunidades para exportadores\" \/>\n<meta name=\"robots\" content=\"index, follow, max-snippet:-1, max-image-preview:large, max-video-preview:-1\" \/>\n<link rel=\"canonical\" href=\"https:\/\/rms.cl\/RicardoMewes\/2026\/01\/14\/actualidad-chile-y-panama-fortalecen-lazos-comerciales-para-ampliar-el-intercambio\/\" \/>\n<meta property=\"og:locale\" content=\"es_ES\" \/>\n<meta property=\"og:type\" content=\"article\" \/>\n<meta property=\"og:title\" content=\"ACTUALIDAD: Chile y Panam\u00e1 fortalecen lazos comerciales para ampliar el intercambio - RMS Ricardo\u00a0Mewes\u00a0Schnaidt\" \/>\n<meta property=\"og:description\" content=\"Chile y Panam\u00e1 fortalecen su comercio bilateral para ampliar el intercambio. Conoce el impacto en la log\u00edstica, los procesos aduaneros y las oportunidades para exportadores\" \/>\n<meta property=\"og:url\" content=\"https:\/\/rms.cl\/RicardoMewes\/2026\/01\/14\/actualidad-chile-y-panama-fortalecen-lazos-comerciales-para-ampliar-el-intercambio\/\" \/>\n<meta property=\"og:site_name\" content=\"RMS Ricardo\u00a0Mewes\u00a0Schnaidt\" \/>\n<meta property=\"article:published_time\" content=\"2026-01-14T20:08:39+00:00\" \/>\n<meta property=\"article:modified_time\" content=\"2026-01-14T20:11:45+00:00\" \/>\n<meta property=\"og:image\" content=\"https:\/\/rms.cl\/wp-content\/uploads\/2026\/01\/Chile-y-Panama-fortalecen-lazos-comerciales-para-ampliar-el-intercambio.jpg\" \/>\n\t<meta property=\"og:image:width\" content=\"2240\" \/>\n\t<meta property=\"og:image:height\" content=\"1260\" \/>\n\t<meta property=\"og:image:type\" content=\"image\/jpeg\" \/>\n<meta name=\"author\" content=\"RMS\" \/>\n<meta name=\"twitter:card\" content=\"summary_large_image\" \/>\n<meta name=\"twitter:label1\" content=\"Escrito por\" \/>\n\t<meta name=\"twitter:data1\" content=\"RMS\" \/>\n\t<meta name=\"twitter:label2\" content=\"Tiempo de lectura\" \/>\n\t<meta name=\"twitter:data2\" content=\"1 minuto\" \/>\n<script type=\"application\/ld+json\" class=\"yoast-schema-graph\">{\"@context\":\"https:\\\/\\\/schema.org\",\"@graph\":[{\"@type\":\"Article\",\"@id\":\"https:\\\/\\\/rms.cl\\\/RicardoMewes\\\/2026\\\/01\\\/14\\\/actualidad-chile-y-panama-fortalecen-lazos-comerciales-para-ampliar-el-intercambio\\\/#article\",\"isPartOf\":{\"@id\":\"https:\\\/\\\/rms.cl\\\/RicardoMewes\\\/2026\\\/01\\\/14\\\/actualidad-chile-y-panama-fortalecen-lazos-comerciales-para-ampliar-el-intercambio\\\/\"},\"author\":{\"name\":\"RMS\",\"@id\":\"https:\\\/\\\/rms.cl\\\/RicardoMewes\\\/#\\\/schema\\\/person\\\/af70fa4a340a489c31757182767917ba\"},\"headline\":\"ACTUALIDAD: Chile y Panam\u00e1 fortalecen lazos comerciales para ampliar el intercambio\",\"datePublished\":\"2026-01-14T20:08:39+00:00\",\"dateModified\":\"2026-01-14T20:11:45+00:00\",\"mainEntityOfPage\":{\"@id\":\"https:\\\/\\\/rms.cl\\\/RicardoMewes\\\/2026\\\/01\\\/14\\\/actualidad-chile-y-panama-fortalecen-lazos-comerciales-para-ampliar-el-intercambio\\\/\"},\"wordCount\":871,\"publisher\":{\"@id\":\"https:\\\/\\\/rms.cl\\\/RicardoMewes\\\/#organization\"},\"image\":{\"@id\":\"https:\\\/\\\/rms.cl\\\/RicardoMewes\\\/2026\\\/01\\\/14\\\/actualidad-chile-y-panama-fortalecen-lazos-comerciales-para-ampliar-el-intercambio\\\/#primaryimage\"},\"thumbnailUrl\":\"https:\\\/\\\/rms.cl\\\/wp-content\\\/uploads\\\/2026\\\/01\\\/Chile-y-Panama-fortalecen-lazos-comerciales-para-ampliar-el-intercambio.jpg\",\"articleSection\":[\"RMS\"],\"inLanguage\":\"es\"},{\"@type\":\"WebPage\",\"@id\":\"https:\\\/\\\/rms.cl\\\/RicardoMewes\\\/2026\\\/01\\\/14\\\/actualidad-chile-y-panama-fortalecen-lazos-comerciales-para-ampliar-el-intercambio\\\/\",\"url\":\"https:\\\/\\\/rms.cl\\\/RicardoMewes\\\/2026\\\/01\\\/14\\\/actualidad-chile-y-panama-fortalecen-lazos-comerciales-para-ampliar-el-intercambio\\\/\",\"name\":\"ACTUALIDAD: Chile y Panam\u00e1 fortalecen lazos comerciales para ampliar el intercambio - RMS Ricardo\u00a0Mewes\u00a0Schnaidt\",\"isPartOf\":{\"@id\":\"https:\\\/\\\/rms.cl\\\/RicardoMewes\\\/#website\"},\"primaryImageOfPage\":{\"@id\":\"https:\\\/\\\/rms.cl\\\/RicardoMewes\\\/2026\\\/01\\\/14\\\/actualidad-chile-y-panama-fortalecen-lazos-comerciales-para-ampliar-el-intercambio\\\/#primaryimage\"},\"image\":{\"@id\":\"https:\\\/\\\/rms.cl\\\/RicardoMewes\\\/2026\\\/01\\\/14\\\/actualidad-chile-y-panama-fortalecen-lazos-comerciales-para-ampliar-el-intercambio\\\/#primaryimage\"},\"thumbnailUrl\":\"https:\\\/\\\/rms.cl\\\/wp-content\\\/uploads\\\/2026\\\/01\\\/Chile-y-Panama-fortalecen-lazos-comerciales-para-ampliar-el-intercambio.jpg\",\"datePublished\":\"2026-01-14T20:08:39+00:00\",\"dateModified\":\"2026-01-14T20:11:45+00:00\",\"description\":\"Chile y Panam\u00e1 fortalecen su comercio bilateral para ampliar el intercambio. Conoce el impacto en la log\u00edstica, los procesos aduaneros y las oportunidades para exportadores\",\"breadcrumb\":{\"@id\":\"https:\\\/\\\/rms.cl\\\/RicardoMewes\\\/2026\\\/01\\\/14\\\/actualidad-chile-y-panama-fortalecen-lazos-comerciales-para-ampliar-el-intercambio\\\/#breadcrumb\"},\"inLanguage\":\"es\",\"potentialAction\":[{\"@type\":\"ReadAction\",\"target\":[\"https:\\\/\\\/rms.cl\\\/RicardoMewes\\\/2026\\\/01\\\/14\\\/actualidad-chile-y-panama-fortalecen-lazos-comerciales-para-ampliar-el-intercambio\\\/\"]}]},{\"@type\":\"ImageObject\",\"inLanguage\":\"es\",\"@id\":\"https:\\\/\\\/rms.cl\\\/RicardoMewes\\\/2026\\\/01\\\/14\\\/actualidad-chile-y-panama-fortalecen-lazos-comerciales-para-ampliar-el-intercambio\\\/#primaryimage\",\"url\":\"https:\\\/\\\/rms.cl\\\/wp-content\\\/uploads\\\/2026\\\/01\\\/Chile-y-Panama-fortalecen-lazos-comerciales-para-ampliar-el-intercambio.jpg\",\"contentUrl\":\"https:\\\/\\\/rms.cl\\\/wp-content\\\/uploads\\\/2026\\\/01\\\/Chile-y-Panama-fortalecen-lazos-comerciales-para-ampliar-el-intercambio.jpg\",\"width\":2240,\"height\":1260},{\"@type\":\"BreadcrumbList\",\"@id\":\"https:\\\/\\\/rms.cl\\\/RicardoMewes\\\/2026\\\/01\\\/14\\\/actualidad-chile-y-panama-fortalecen-lazos-comerciales-para-ampliar-el-intercambio\\\/#breadcrumb\",\"itemListElement\":[{\"@type\":\"ListItem\",\"position\":1,\"name\":\"Portada\",\"item\":\"https:\\\/\\\/rms.cl\\\/RicardoMewes\\\/\"},{\"@type\":\"ListItem\",\"position\":2,\"name\":\"ACTUALIDAD: Chile y Panam\u00e1 fortalecen lazos comerciales para ampliar el intercambio\"}]},{\"@type\":\"WebSite\",\"@id\":\"https:\\\/\\\/rms.cl\\\/RicardoMewes\\\/#website\",\"url\":\"https:\\\/\\\/rms.cl\\\/RicardoMewes\\\/\",\"name\":\"RMS Ricardo\u00a0Mewes\u00a0Schnaidt\",\"description\":\"Agencia\u00a0de\u00a0Aduanas\",\"publisher\":{\"@id\":\"https:\\\/\\\/rms.cl\\\/RicardoMewes\\\/#organization\"},\"potentialAction\":[{\"@type\":\"SearchAction\",\"target\":{\"@type\":\"EntryPoint\",\"urlTemplate\":\"https:\\\/\\\/rms.cl\\\/RicardoMewes\\\/?s={search_term_string}\"},\"query-input\":{\"@type\":\"PropertyValueSpecification\",\"valueRequired\":true,\"valueName\":\"search_term_string\"}}],\"inLanguage\":\"es\"},{\"@type\":\"Organization\",\"@id\":\"https:\\\/\\\/rms.cl\\\/RicardoMewes\\\/#organization\",\"name\":\"RMS Ricardo\u00a0Mewes\u00a0Schnaidt\",\"url\":\"https:\\\/\\\/rms.cl\\\/RicardoMewes\\\/\",\"logo\":{\"@type\":\"ImageObject\",\"inLanguage\":\"es\",\"@id\":\"https:\\\/\\\/rms.cl\\\/RicardoMewes\\\/#\\\/schema\\\/logo\\\/image\\\/\",\"url\":\"https:\\\/\\\/rms.cl\\\/wp-content\\\/uploads\\\/2024\\\/04\\\/WhatsApp-Image-2024-04-10-at-08.21.12.jpeg\",\"contentUrl\":\"https:\\\/\\\/rms.cl\\\/wp-content\\\/uploads\\\/2024\\\/04\\\/WhatsApp-Image-2024-04-10-at-08.21.12.jpeg\",\"width\":512,\"height\":512,\"caption\":\"RMS Ricardo\u00a0Mewes\u00a0Schnaidt\"},\"image\":{\"@id\":\"https:\\\/\\\/rms.cl\\\/RicardoMewes\\\/#\\\/schema\\\/logo\\\/image\\\/\"}},{\"@type\":\"Person\",\"@id\":\"https:\\\/\\\/rms.cl\\\/RicardoMewes\\\/#\\\/schema\\\/person\\\/af70fa4a340a489c31757182767917ba\",\"name\":\"RMS\",\"image\":{\"@type\":\"ImageObject\",\"inLanguage\":\"es\",\"@id\":\"https:\\\/\\\/secure.gravatar.com\\\/avatar\\\/eceb98833812571c8fa91bf39e6af879b15c941d5bff9c5c19d78d003d04dfa9?s=96&d=mm&r=g\",\"url\":\"https:\\\/\\\/secure.gravatar.com\\\/avatar\\\/eceb98833812571c8fa91bf39e6af879b15c941d5bff9c5c19d78d003d04dfa9?s=96&d=mm&r=g\",\"contentUrl\":\"https:\\\/\\\/secure.gravatar.com\\\/avatar\\\/eceb98833812571c8fa91bf39e6af879b15c941d5bff9c5c19d78d003d04dfa9?s=96&d=mm&r=g\",\"caption\":\"RMS\"},\"url\":\"https:\\\/\\\/rms.cl\\\/RicardoMewes\\\/author\\\/mkt\\\/\"}]}<\/script>\n<!-- \/ Yoast SEO plugin. -->","yoast_head_json":{"title":"ACTUALIDAD: Chile y Panam\u00e1 fortalecen lazos comerciales para ampliar el intercambio - RMS Ricardo\u00a0Mewes\u00a0Schnaidt","description":"Chile y Panam\u00e1 fortalecen su comercio bilateral para ampliar el intercambio. Conoce el impacto en la log\u00edstica, los procesos aduaneros y las oportunidades para exportadores","robots":{"index":"index","follow":"follow","max-snippet":"max-snippet:-1","max-image-preview":"max-image-preview:large","max-video-preview":"max-video-preview:-1"},"canonical":"https:\/\/rms.cl\/RicardoMewes\/2026\/01\/14\/actualidad-chile-y-panama-fortalecen-lazos-comerciales-para-ampliar-el-intercambio\/","og_locale":"es_ES","og_type":"article","og_title":"ACTUALIDAD: Chile y Panam\u00e1 fortalecen lazos comerciales para ampliar el intercambio - RMS Ricardo\u00a0Mewes\u00a0Schnaidt","og_description":"Chile y Panam\u00e1 fortalecen su comercio bilateral para ampliar el intercambio. Conoce el impacto en la log\u00edstica, los procesos aduaneros y las oportunidades para exportadores","og_url":"https:\/\/rms.cl\/RicardoMewes\/2026\/01\/14\/actualidad-chile-y-panama-fortalecen-lazos-comerciales-para-ampliar-el-intercambio\/","og_site_name":"RMS Ricardo\u00a0Mewes\u00a0Schnaidt","article_published_time":"2026-01-14T20:08:39+00:00","article_modified_time":"2026-01-14T20:11:45+00:00","og_image":[{"width":2240,"height":1260,"url":"https:\/\/rms.cl\/wp-content\/uploads\/2026\/01\/Chile-y-Panama-fortalecen-lazos-comerciales-para-ampliar-el-intercambio.jpg","type":"image\/jpeg"}],"author":"RMS","twitter_card":"summary_large_image","twitter_misc":{"Escrito por":"RMS","Tiempo de lectura":"1 minuto"},"schema":{"@context":"https:\/\/schema.org","@graph":[{"@type":"Article","@id":"https:\/\/rms.cl\/RicardoMewes\/2026\/01\/14\/actualidad-chile-y-panama-fortalecen-lazos-comerciales-para-ampliar-el-intercambio\/#article","isPartOf":{"@id":"https:\/\/rms.cl\/RicardoMewes\/2026\/01\/14\/actualidad-chile-y-panama-fortalecen-lazos-comerciales-para-ampliar-el-intercambio\/"},"author":{"name":"RMS","@id":"https:\/\/rms.cl\/RicardoMewes\/#\/schema\/person\/af70fa4a340a489c31757182767917ba"},"headline":"ACTUALIDAD: Chile y Panam\u00e1 fortalecen lazos comerciales para ampliar el intercambio","datePublished":"2026-01-14T20:08:39+00:00","dateModified":"2026-01-14T20:11:45+00:00","mainEntityOfPage":{"@id":"https:\/\/rms.cl\/RicardoMewes\/2026\/01\/14\/actualidad-chile-y-panama-fortalecen-lazos-comerciales-para-ampliar-el-intercambio\/"},"wordCount":871,"publisher":{"@id":"https:\/\/rms.cl\/RicardoMewes\/#organization"},"image":{"@id":"https:\/\/rms.cl\/RicardoMewes\/2026\/01\/14\/actualidad-chile-y-panama-fortalecen-lazos-comerciales-para-ampliar-el-intercambio\/#primaryimage"},"thumbnailUrl":"https:\/\/rms.cl\/wp-content\/uploads\/2026\/01\/Chile-y-Panama-fortalecen-lazos-comerciales-para-ampliar-el-intercambio.jpg","articleSection":["RMS"],"inLanguage":"es"},{"@type":"WebPage","@id":"https:\/\/rms.cl\/RicardoMewes\/2026\/01\/14\/actualidad-chile-y-panama-fortalecen-lazos-comerciales-para-ampliar-el-intercambio\/","url":"https:\/\/rms.cl\/RicardoMewes\/2026\/01\/14\/actualidad-chile-y-panama-fortalecen-lazos-comerciales-para-ampliar-el-intercambio\/","name":"ACTUALIDAD: Chile y Panam\u00e1 fortalecen lazos comerciales para ampliar el intercambio - RMS Ricardo\u00a0Mewes\u00a0Schnaidt","isPartOf":{"@id":"https:\/\/rms.cl\/RicardoMewes\/#website"},"primaryImageOfPage":{"@id":"https:\/\/rms.cl\/RicardoMewes\/2026\/01\/14\/actualidad-chile-y-panama-fortalecen-lazos-comerciales-para-ampliar-el-intercambio\/#primaryimage"},"image":{"@id":"https:\/\/rms.cl\/RicardoMewes\/2026\/01\/14\/actualidad-chile-y-panama-fortalecen-lazos-comerciales-para-ampliar-el-intercambio\/#primaryimage"},"thumbnailUrl":"https:\/\/rms.cl\/wp-content\/uploads\/2026\/01\/Chile-y-Panama-fortalecen-lazos-comerciales-para-ampliar-el-intercambio.jpg","datePublished":"2026-01-14T20:08:39+00:00","dateModified":"2026-01-14T20:11:45+00:00","description":"Chile y Panam\u00e1 fortalecen su comercio bilateral para ampliar el intercambio. Conoce el impacto en la log\u00edstica, los procesos aduaneros y las oportunidades para exportadores","breadcrumb":{"@id":"https:\/\/rms.cl\/RicardoMewes\/2026\/01\/14\/actualidad-chile-y-panama-fortalecen-lazos-comerciales-para-ampliar-el-intercambio\/#breadcrumb"},"inLanguage":"es","potentialAction":[{"@type":"ReadAction","target":["https:\/\/rms.cl\/RicardoMewes\/2026\/01\/14\/actualidad-chile-y-panama-fortalecen-lazos-comerciales-para-ampliar-el-intercambio\/"]}]},{"@type":"ImageObject","inLanguage":"es","@id":"https:\/\/rms.cl\/RicardoMewes\/2026\/01\/14\/actualidad-chile-y-panama-fortalecen-lazos-comerciales-para-ampliar-el-intercambio\/#primaryimage","url":"https:\/\/rms.cl\/wp-content\/uploads\/2026\/01\/Chile-y-Panama-fortalecen-lazos-comerciales-para-ampliar-el-intercambio.jpg","contentUrl":"https:\/\/rms.cl\/wp-content\/uploads\/2026\/01\/Chile-y-Panama-fortalecen-lazos-comerciales-para-ampliar-el-intercambio.jpg","width":2240,"height":1260},{"@type":"BreadcrumbList","@id":"https:\/\/rms.cl\/RicardoMewes\/2026\/01\/14\/actualidad-chile-y-panama-fortalecen-lazos-comerciales-para-ampliar-el-intercambio\/#breadcrumb","itemListElement":[{"@type":"ListItem","position":1,"name":"Portada","item":"https:\/\/rms.cl\/RicardoMewes\/"},{"@type":"ListItem","position":2,"name":"ACTUALIDAD: Chile y Panam\u00e1 fortalecen lazos comerciales para ampliar el intercambio"}]},{"@type":"WebSite","@id":"https:\/\/rms.cl\/RicardoMewes\/#website","url":"https:\/\/rms.cl\/RicardoMewes\/","name":"RMS Ricardo\u00a0Mewes\u00a0Schnaidt","description":"Agencia\u00a0de\u00a0Aduanas","publisher":{"@id":"https:\/\/rms.cl\/RicardoMewes\/#organization"},"potentialAction":[{"@type":"SearchAction","target":{"@type":"EntryPoint","urlTemplate":"https:\/\/rms.cl\/RicardoMewes\/?s={search_term_string}"},"query-input":{"@type":"PropertyValueSpecification","valueRequired":true,"valueName":"search_term_string"}}],"inLanguage":"es"},{"@type":"Organization","@id":"https:\/\/rms.cl\/RicardoMewes\/#organization","name":"RMS Ricardo\u00a0Mewes\u00a0Schnaidt","url":"https:\/\/rms.cl\/RicardoMewes\/","logo":{"@type":"ImageObject","inLanguage":"es","@id":"https:\/\/rms.cl\/RicardoMewes\/#\/schema\/logo\/image\/","url":"https:\/\/rms.cl\/wp-content\/uploads\/2024\/04\/WhatsApp-Image-2024-04-10-at-08.21.12.jpeg","contentUrl":"https:\/\/rms.cl\/wp-content\/uploads\/2024\/04\/WhatsApp-Image-2024-04-10-at-08.21.12.jpeg","width":512,"height":512,"caption":"RMS Ricardo\u00a0Mewes\u00a0Schnaidt"},"image":{"@id":"https:\/\/rms.cl\/RicardoMewes\/#\/schema\/logo\/image\/"}},{"@type":"Person","@id":"https:\/\/rms.cl\/RicardoMewes\/#\/schema\/person\/af70fa4a340a489c31757182767917ba","name":"RMS","image":{"@type":"ImageObject","inLanguage":"es","@id":"https:\/\/secure.gravatar.com\/avatar\/eceb98833812571c8fa91bf39e6af879b15c941d5bff9c5c19d78d003d04dfa9?s=96&d=mm&r=g","url":"https:\/\/secure.gravatar.com\/avatar\/eceb98833812571c8fa91bf39e6af879b15c941d5bff9c5c19d78d003d04dfa9?s=96&d=mm&r=g","contentUrl":"https:\/\/secure.gravatar.com\/avatar\/eceb98833812571c8fa91bf39e6af879b15c941d5bff9c5c19d78d003d04dfa9?s=96&d=mm&r=g","caption":"RMS"},"url":"https:\/\/rms.cl\/RicardoMewes\/author\/mkt\/"}]}},"_links":{"self":[{"href":"https:\/\/rms.cl\/RicardoMewes\/wp-json\/wp\/v2\/posts\/2229","targetHints":{"allow":["GET"]}}],"collection":[{"href":"https:\/\/rms.cl\/RicardoMewes\/wp-json\/wp\/v2\/posts"}],"about":[{"href":"https:\/\/rms.cl\/RicardoMewes\/wp-json\/wp\/v2\/types\/post"}],"author":[{"embeddable":true,"href":"https:\/\/rms.cl\/RicardoMewes\/wp-json\/wp\/v2\/users\/7"}],"replies":[{"embeddable":true,"href":"https:\/\/rms.cl\/RicardoMewes\/wp-json\/wp\/v2\/comments?post=2229"}],"version-history":[{"count":4,"href":"https:\/\/rms.cl\/RicardoMewes\/wp-json\/wp\/v2\/posts\/2229\/revisions"}],"predecessor-version":[{"id":2235,"href":"https:\/\/rms.cl\/RicardoMewes\/wp-json\/wp\/v2\/posts\/2229\/revisions\/2235"}],"wp:featuredmedia":[{"embeddable":true,"href":"https:\/\/rms.cl\/RicardoMewes\/wp-json\/wp\/v2\/media\/2230"}],"wp:attachment":[{"href":"https:\/\/rms.cl\/RicardoMewes\/wp-json\/wp\/v2\/media?parent=2229"}],"wp:term":[{"taxonomy":"category","embeddable":true,"href":"https:\/\/rms.cl\/RicardoMewes\/wp-json\/wp\/v2\/categories?post=2229"},{"taxonomy":"post_tag","embeddable":true,"href":"https:\/\/rms.cl\/RicardoMewes\/wp-json\/wp\/v2\/tags?post=2229"}],"curies":[{"name":"wp","href":"https:\/\/api.w.org\/{rel}","templated":true}]}}