{"id":2999,"date":"2026-08-27T13:26:44","date_gmt":"2026-08-27T16:26:44","guid":{"rendered":"https:\/\/rms.cl\/RicardoMewes\/?p=2999"},"modified":"2026-08-27T13:27:33","modified_gmt":"2026-08-27T16:27:33","slug":"requisitos-sag-vehiculos-importados-chile","status":"publish","type":"post","link":"https:\/\/rms.cl\/RicardoMewes\/2026\/08\/27\/requisitos-sag-vehiculos-importados-chile\/","title":{"rendered":"SAG establece medidas fitosanitarias para veh\u00edculos importados: \u00bfqu\u00e9 deben considerar los importadores?"},"content":{"rendered":"<p>[et_pb_section fb_built=\u00bb1&#8243; theme_builder_area=\u00bbpost_content\u00bb _builder_version=\u00bb4.27.7&#8243; _module_preset=\u00bbdefault\u00bb][et_pb_row _builder_version=\u00bb4.27.7&#8243; _module_preset=\u00bbdefault\u00bb theme_builder_area=\u00bbpost_content\u00bb][et_pb_column _builder_version=\u00bb4.27.7&#8243; _module_preset=\u00bbdefault\u00bb type=\u00bb4_4&#8243; theme_builder_area=\u00bbpost_content\u00bb][et_pb_text _builder_version=\u00bb4.27.7&#8243; _module_preset=\u00bbdefault\u00bb theme_builder_area=\u00bbpost_content\u00bb hover_enabled=\u00bb0&#8243; sticky_enabled=\u00bb0&#8243;]<\/p>\n<p style=\"text-align: justify;\"><span style=\"font-weight: 400;\">La importaci\u00f3n de veh\u00edculos involucra una serie de procesos log\u00edsticos, documentales y aduaneros. Sin embargo, existe otro aspecto que puede resultar menos conocido: el <\/span><b>riesgo fitosanitario asociado al transporte internacional de veh\u00edculos<\/b><span style=\"font-weight: 400;\">.<\/span><\/p>\n<p style=\"text-align: justify;\"><span style=\"font-weight: 400;\">El Servicio Agr\u00edcola y Ganadero (SAG) estableci\u00f3 durante 2026 nuevas medidas fitosanitarias de emergencia aplicables a <\/span><b>veh\u00edculos nuevos y usados, as\u00ed como a las naves y contenedores que los transportan<\/b><span style=\"font-weight: 400;\">, cuando exista riesgo de infestaci\u00f3n por determinados gaster\u00f3podos.<\/span><\/p>\n<p style=\"text-align: justify;\"><span style=\"font-weight: 400;\">Las disposiciones fueron establecidas mediante la <\/span><b>Resoluci\u00f3n Exenta N\u00b01.834\/2026<\/b><span style=\"font-weight: 400;\">, promulgada el 4 de marzo y publicada en el Diario Oficial el 16 de marzo de 2026. Actualmente, la resoluci\u00f3n se encuentra vigente.\u00a0<\/span><\/p>\n<h2 style=\"text-align: justify;\"><b>\u00bfPor qu\u00e9 un veh\u00edculo puede representar un riesgo fitosanitario?<\/b><\/h2>\n<p style=\"text-align: justify;\"><span style=\"font-weight: 400;\">Aunque normalmente asociamos los controles fitosanitarios con frutas, vegetales, semillas o productos agr\u00edcolas, las plagas tambi\u00e9n pueden trasladarse de manera accidental a trav\u00e9s de mercanc\u00edas que no tienen origen vegetal.<\/span><\/p>\n<p style=\"text-align: justify;\"><span style=\"font-weight: 400;\">Veh\u00edculos, maquinaria, contenedores y otros medios pueden convertirse en superficies de transporte involuntario de organismos capaces de establecerse en un nuevo territorio.<\/span><\/p>\n<p style=\"text-align: justify;\"><span style=\"font-weight: 400;\">En este caso particular, la medida del SAG apunta al riesgo asociado a determinados <\/span><b>gaster\u00f3podos<\/b><span style=\"font-weight: 400;\">, grupo al que pertenecen caracoles y babosas.<\/span><\/p>\n<p style=\"text-align: justify;\"><span style=\"font-weight: 400;\">La resoluci\u00f3n identifica especies como <\/span><i><span style=\"font-weight: 400;\">Cathaica fasciola<\/span><\/i><span style=\"font-weight: 400;\">, <\/span><i><span style=\"font-weight: 400;\">Succinea<\/span><\/i><span style=\"font-weight: 400;\"> sp., <\/span><i><span style=\"font-weight: 400;\">Bradybaena despecta<\/span><\/i><span style=\"font-weight: 400;\">, <\/span><i><span style=\"font-weight: 400;\">Eobania vermiculata<\/span><\/i><span style=\"font-weight: 400;\">, adem\u00e1s de otras especies que el SAG pueda considerar de importancia fitosanitaria.\u00a0<\/span><\/p>\n<h2 style=\"text-align: justify;\"><b>\u00bfQu\u00e9 establece la nueva resoluci\u00f3n?<\/b><\/h2>\n<p style=\"text-align: justify;\"><span style=\"font-weight: 400;\">La principal exigencia es clara: los veh\u00edculos nuevos y usados, junto con las naves o contenedores utilizados para transportarlos, deben ingresar a Chile <\/span><b>libres de cualquier estado de desarrollo de los gaster\u00f3podos regulados<\/b><span style=\"font-weight: 400;\">.\u00a0<\/span><\/p>\n<p style=\"text-align: justify;\"><span style=\"font-weight: 400;\">Esto significa que el control no se limita \u00fanicamente a detectar ejemplares adultos visibles. La normativa contempla cualquier estado de desarrollo de las especies consideradas de riesgo.<\/span><\/p>\n<p style=\"text-align: justify;\"><span style=\"font-weight: 400;\">Para los importadores, esto introduce una variable que debe ser considerada desde la preparaci\u00f3n de la carga en origen.<\/span><\/p>\n<h2 style=\"text-align: justify;\"><b>\u00bfC\u00f3mo se realizar\u00e1 el control al ingresar a Chile?<\/b><\/h2>\n<p style=\"text-align: justify;\"><span style=\"font-weight: 400;\">Los inspectores del SAG en los puertos habilitados de ingreso podr\u00e1n efectuar las inspecciones fitosanitarias y fiscalizaciones que estimen necesarias para verificar el cumplimiento de las medidas establecidas.\u00a0<\/span><\/p>\n<p style=\"text-align: justify;\"><span style=\"font-weight: 400;\">Por esta raz\u00f3n, las condiciones en que llegan los veh\u00edculos y los equipos utilizados para su transporte adquieren especial importancia.<\/span><\/p>\n<p style=\"text-align: justify;\"><span style=\"font-weight: 400;\">No se trata \u00fanicamente de cumplir correctamente con la documentaci\u00f3n de importaci\u00f3n. El <\/span><b>estado f\u00edsico y sanitario de la carga<\/b><span style=\"font-weight: 400;\"> tambi\u00e9n puede determinar el desarrollo posterior de la operaci\u00f3n.<\/span><\/p>\n<h2 style=\"text-align: justify;\"><b>Veh\u00edculos nuevos y usados: una exigencia que alcanza a ambos<\/b><\/h2>\n<p style=\"text-align: justify;\"><span style=\"font-weight: 400;\">Un punto relevante de la Resoluci\u00f3n N\u00b01.834 es que las medidas se aplican tanto a <\/span><b>veh\u00edculos nuevos como usados<\/b><span style=\"font-weight: 400;\"> y a mercanc\u00edas procedentes de cualquier origen.\u00a0<\/span><\/p>\n<p style=\"text-align: justify;\"><span style=\"font-weight: 400;\">Esto ampl\u00eda considerablemente el universo de operaciones que deben considerar la medida.<\/span><\/p>\n<p style=\"text-align: justify;\"><span style=\"font-weight: 400;\">En veh\u00edculos usados puede resultar intuitivo pensar en la necesidad de revisar condiciones de limpieza. Sin embargo, el transporte y almacenamiento internacional tambi\u00e9n puede exponer veh\u00edculos nuevos a organismos durante su permanencia en puertos, patios, terminales, naves o contenedores.<\/span><\/p>\n<h2 style=\"text-align: justify;\"><b>\u00bfQu\u00e9 deber\u00edan revisar los importadores?<\/b><\/h2>\n<p style=\"text-align: justify;\"><span style=\"font-weight: 400;\">Para empresas que importan veh\u00edculos, la principal recomendaci\u00f3n es incorporar el riesgo fitosanitario dentro de la planificaci\u00f3n previa al embarque.<\/span><\/p>\n<p style=\"text-align: justify;\"><span style=\"font-weight: 400;\">Esto implica mantener una coordinaci\u00f3n adecuada con proveedores, operadores log\u00edsticos y responsables de la preparaci\u00f3n de la carga en origen, de manera que los veh\u00edculos y sus medios de transporte lleguen en condiciones compatibles con las exigencias establecidas por el SAG.<\/span><\/p>\n<p style=\"text-align: justify;\"><span style=\"font-weight: 400;\">Tambi\u00e9n resulta recomendable considerar eventuales inspecciones dentro de la planificaci\u00f3n log\u00edstica de la operaci\u00f3n.<\/span><\/p>\n<p style=\"text-align: justify;\"><span style=\"font-weight: 400;\">Anticipar estas variables permite reducir el riesgo de que una situaci\u00f3n detectada al ingreso termine generando modificaciones en los tiempos previstos para la internaci\u00f3n de la mercanc\u00eda.<\/span><\/p>\n<h2 style=\"text-align: justify;\"><b>El control fitosanitario va m\u00e1s all\u00e1 de los productos agr\u00edcolas<\/b><\/h2>\n<p style=\"text-align: justify;\"><span style=\"font-weight: 400;\">Esta resoluci\u00f3n es un buen ejemplo de c\u00f3mo las exigencias aplicables al comercio exterior pueden extenderse a mercanc\u00edas que, a primera vista, no parecen vinculadas al \u00e1mbito agr\u00edcola.<\/span><\/p>\n<p style=\"text-align: justify;\"><span style=\"font-weight: 400;\">Para RMS, este punto resulta especialmente relevante: <\/span><b>conocer correctamente una operaci\u00f3n implica analizar no solo su clasificaci\u00f3n o documentaci\u00f3n aduanera, sino tambi\u00e9n las regulaciones sectoriales que pueden afectarla<\/b><span style=\"font-weight: 400;\">.<\/span><\/p>\n<p style=\"text-align: justify;\"><span style=\"font-weight: 400;\">Si su empresa importa veh\u00edculos nuevos o usados, recomendamos revisar estas exigencias antes de coordinar pr\u00f3ximos embarques y mantener una comunicaci\u00f3n anticipada con los actores involucrados en origen.<\/span><\/p>\n<p style=\"text-align: justify;\"><span style=\"font-weight: 400;\">En RMS podemos acompa\u00f1ar la planificaci\u00f3n aduanera de estas operaciones y ayudar a identificar los requisitos que deben considerarse antes del ingreso de la mercanc\u00eda a Chile.<\/span><\/p>\n<p>[\/et_pb_text][\/et_pb_column][\/et_pb_row][\/et_pb_section]<\/p>\n","protected":false},"excerpt":{"rendered":"<p>La importaci\u00f3n de veh\u00edculos involucra una serie de procesos log\u00edsticos, documentales y aduaneros. Sin embargo, existe otro aspecto que puede resultar menos conocido: el riesgo fitosanitario asociado al transporte internacional de veh\u00edculos. El Servicio Agr\u00edcola y Ganadero (SAG) estableci\u00f3 durante 2026 nuevas medidas fitosanitarias de emergencia aplicables a veh\u00edculos nuevos y usados, as\u00ed como a [&hellip;]<\/p>\n","protected":false},"author":7,"featured_media":2404,"comment_status":"closed","ping_status":"closed","sticky":false,"template":"","format":"standard","meta":{"_et_pb_use_builder":"on","_et_pb_old_content":"","_et_gb_content_width":"","footnotes":""},"categories":[11],"tags":[],"class_list":["post-2999","post","type-post","status-publish","format-standard","has-post-thumbnail","hentry","category-rms"],"yoast_head":"<!-- This site is optimized with the Yoast SEO plugin v28.3 - https:\/\/yoast.com\/product\/yoast-seo-wordpress\/ -->\n<title>Requisitos SAG para veh\u00edculos importados en Chile: medidas 2026<\/title>\n<meta name=\"description\" content=\"El SAG estableci\u00f3 medidas fitosanitarias para veh\u00edculos nuevos y usados importados. Conozca la Resoluci\u00f3n y sus principales exigencias.\" \/>\n<meta name=\"robots\" content=\"index, follow, max-snippet:-1, max-image-preview:large, max-video-preview:-1\" \/>\n<link rel=\"canonical\" href=\"https:\/\/rms.cl\/RicardoMewes\/2026\/08\/27\/requisitos-sag-vehiculos-importados-chile\/\" \/>\n<meta property=\"og:locale\" content=\"es_ES\" \/>\n<meta property=\"og:type\" content=\"article\" \/>\n<meta property=\"og:title\" content=\"Requisitos SAG para veh\u00edculos importados en Chile: medidas 2026\" \/>\n<meta property=\"og:description\" content=\"El SAG estableci\u00f3 medidas fitosanitarias para veh\u00edculos nuevos y usados importados. Conozca la Resoluci\u00f3n y sus principales exigencias.\" \/>\n<meta property=\"og:url\" content=\"https:\/\/rms.cl\/RicardoMewes\/2026\/08\/27\/requisitos-sag-vehiculos-importados-chile\/\" \/>\n<meta property=\"og:site_name\" content=\"RMS Ricardo\u00a0Mewes\u00a0Schnaidt\" \/>\n<meta property=\"article:published_time\" content=\"2026-08-27T16:26:44+00:00\" \/>\n<meta property=\"article:modified_time\" content=\"2026-08-27T16:27:33+00:00\" \/>\n<meta property=\"og:image\" content=\"https:\/\/rms.cl\/wp-content\/uploads\/2026\/02\/Clasificacion-arancelaria.jpg\" \/>\n\t<meta property=\"og:image:width\" content=\"2240\" \/>\n\t<meta property=\"og:image:height\" content=\"1260\" \/>\n\t<meta property=\"og:image:type\" content=\"image\/jpeg\" \/>\n<meta name=\"author\" content=\"RMS\" \/>\n<meta name=\"twitter:card\" content=\"summary_large_image\" \/>\n<meta name=\"twitter:label1\" content=\"Escrito por\" \/>\n\t<meta name=\"twitter:data1\" content=\"RMS\" \/>\n\t<meta name=\"twitter:label2\" content=\"Tiempo de lectura\" \/>\n\t<meta name=\"twitter:data2\" content=\"1 minuto\" \/>\n<script type=\"application\/ld+json\" class=\"yoast-schema-graph\">{\"@context\":\"https:\\\/\\\/schema.org\",\"@graph\":[{\"@type\":\"Article\",\"@id\":\"https:\\\/\\\/rms.cl\\\/RicardoMewes\\\/2026\\\/08\\\/27\\\/requisitos-sag-vehiculos-importados-chile\\\/#article\",\"isPartOf\":{\"@id\":\"https:\\\/\\\/rms.cl\\\/RicardoMewes\\\/2026\\\/08\\\/27\\\/requisitos-sag-vehiculos-importados-chile\\\/\"},\"author\":{\"name\":\"RMS\",\"@id\":\"https:\\\/\\\/rms.cl\\\/RicardoMewes\\\/#\\\/schema\\\/person\\\/af70fa4a340a489c31757182767917ba\"},\"headline\":\"SAG establece medidas fitosanitarias para veh\u00edculos importados: \u00bfqu\u00e9 deben considerar los importadores?\",\"datePublished\":\"2026-08-27T16:26:44+00:00\",\"dateModified\":\"2026-08-27T16:27:33+00:00\",\"mainEntityOfPage\":{\"@id\":\"https:\\\/\\\/rms.cl\\\/RicardoMewes\\\/2026\\\/08\\\/27\\\/requisitos-sag-vehiculos-importados-chile\\\/\"},\"wordCount\":846,\"publisher\":{\"@id\":\"https:\\\/\\\/rms.cl\\\/RicardoMewes\\\/#organization\"},\"image\":{\"@id\":\"https:\\\/\\\/rms.cl\\\/RicardoMewes\\\/2026\\\/08\\\/27\\\/requisitos-sag-vehiculos-importados-chile\\\/#primaryimage\"},\"thumbnailUrl\":\"https:\\\/\\\/rms.cl\\\/wp-content\\\/uploads\\\/2026\\\/02\\\/Clasificacion-arancelaria.jpg\",\"articleSection\":[\"RMS\"],\"inLanguage\":\"es\"},{\"@type\":\"WebPage\",\"@id\":\"https:\\\/\\\/rms.cl\\\/RicardoMewes\\\/2026\\\/08\\\/27\\\/requisitos-sag-vehiculos-importados-chile\\\/\",\"url\":\"https:\\\/\\\/rms.cl\\\/RicardoMewes\\\/2026\\\/08\\\/27\\\/requisitos-sag-vehiculos-importados-chile\\\/\",\"name\":\"Requisitos SAG para veh\u00edculos importados en Chile: medidas 2026\",\"isPartOf\":{\"@id\":\"https:\\\/\\\/rms.cl\\\/RicardoMewes\\\/#website\"},\"primaryImageOfPage\":{\"@id\":\"https:\\\/\\\/rms.cl\\\/RicardoMewes\\\/2026\\\/08\\\/27\\\/requisitos-sag-vehiculos-importados-chile\\\/#primaryimage\"},\"image\":{\"@id\":\"https:\\\/\\\/rms.cl\\\/RicardoMewes\\\/2026\\\/08\\\/27\\\/requisitos-sag-vehiculos-importados-chile\\\/#primaryimage\"},\"thumbnailUrl\":\"https:\\\/\\\/rms.cl\\\/wp-content\\\/uploads\\\/2026\\\/02\\\/Clasificacion-arancelaria.jpg\",\"datePublished\":\"2026-08-27T16:26:44+00:00\",\"dateModified\":\"2026-08-27T16:27:33+00:00\",\"description\":\"El SAG estableci\u00f3 medidas fitosanitarias para veh\u00edculos nuevos y usados importados. Conozca la Resoluci\u00f3n y sus principales exigencias.\",\"breadcrumb\":{\"@id\":\"https:\\\/\\\/rms.cl\\\/RicardoMewes\\\/2026\\\/08\\\/27\\\/requisitos-sag-vehiculos-importados-chile\\\/#breadcrumb\"},\"inLanguage\":\"es\",\"potentialAction\":[{\"@type\":\"ReadAction\",\"target\":[\"https:\\\/\\\/rms.cl\\\/RicardoMewes\\\/2026\\\/08\\\/27\\\/requisitos-sag-vehiculos-importados-chile\\\/\"]}]},{\"@type\":\"ImageObject\",\"inLanguage\":\"es\",\"@id\":\"https:\\\/\\\/rms.cl\\\/RicardoMewes\\\/2026\\\/08\\\/27\\\/requisitos-sag-vehiculos-importados-chile\\\/#primaryimage\",\"url\":\"https:\\\/\\\/rms.cl\\\/wp-content\\\/uploads\\\/2026\\\/02\\\/Clasificacion-arancelaria.jpg\",\"contentUrl\":\"https:\\\/\\\/rms.cl\\\/wp-content\\\/uploads\\\/2026\\\/02\\\/Clasificacion-arancelaria.jpg\",\"width\":2240,\"height\":1260,\"caption\":\"Clasificaci\u00f3n arancelaria: qu\u00e9 es y por qu\u00e9 es clave en el comercio exterior\"},{\"@type\":\"BreadcrumbList\",\"@id\":\"https:\\\/\\\/rms.cl\\\/RicardoMewes\\\/2026\\\/08\\\/27\\\/requisitos-sag-vehiculos-importados-chile\\\/#breadcrumb\",\"itemListElement\":[{\"@type\":\"ListItem\",\"position\":1,\"name\":\"Portada\",\"item\":\"https:\\\/\\\/rms.cl\\\/RicardoMewes\\\/\"},{\"@type\":\"ListItem\",\"position\":2,\"name\":\"SAG establece medidas fitosanitarias para veh\u00edculos importados: \u00bfqu\u00e9 deben considerar los importadores?\"}]},{\"@type\":\"WebSite\",\"@id\":\"https:\\\/\\\/rms.cl\\\/RicardoMewes\\\/#website\",\"url\":\"https:\\\/\\\/rms.cl\\\/RicardoMewes\\\/\",\"name\":\"RMS Ricardo\u00a0Mewes\u00a0Schnaidt\",\"description\":\"Agencia\u00a0de\u00a0Aduanas\",\"publisher\":{\"@id\":\"https:\\\/\\\/rms.cl\\\/RicardoMewes\\\/#organization\"},\"potentialAction\":[{\"@type\":\"SearchAction\",\"target\":{\"@type\":\"EntryPoint\",\"urlTemplate\":\"https:\\\/\\\/rms.cl\\\/RicardoMewes\\\/?s={search_term_string}\"},\"query-input\":{\"@type\":\"PropertyValueSpecification\",\"valueRequired\":true,\"valueName\":\"search_term_string\"}}],\"inLanguage\":\"es\"},{\"@type\":\"Organization\",\"@id\":\"https:\\\/\\\/rms.cl\\\/RicardoMewes\\\/#organization\",\"name\":\"RMS Ricardo\u00a0Mewes\u00a0Schnaidt\",\"url\":\"https:\\\/\\\/rms.cl\\\/RicardoMewes\\\/\",\"logo\":{\"@type\":\"ImageObject\",\"inLanguage\":\"es\",\"@id\":\"https:\\\/\\\/rms.cl\\\/RicardoMewes\\\/#\\\/schema\\\/logo\\\/image\\\/\",\"url\":\"https:\\\/\\\/rms.cl\\\/wp-content\\\/uploads\\\/2024\\\/04\\\/WhatsApp-Image-2024-04-10-at-08.21.12.jpeg\",\"contentUrl\":\"https:\\\/\\\/rms.cl\\\/wp-content\\\/uploads\\\/2024\\\/04\\\/WhatsApp-Image-2024-04-10-at-08.21.12.jpeg\",\"width\":512,\"height\":512,\"caption\":\"RMS Ricardo\u00a0Mewes\u00a0Schnaidt\"},\"image\":{\"@id\":\"https:\\\/\\\/rms.cl\\\/RicardoMewes\\\/#\\\/schema\\\/logo\\\/image\\\/\"}},{\"@type\":\"Person\",\"@id\":\"https:\\\/\\\/rms.cl\\\/RicardoMewes\\\/#\\\/schema\\\/person\\\/af70fa4a340a489c31757182767917ba\",\"name\":\"RMS\",\"image\":{\"@type\":\"ImageObject\",\"inLanguage\":\"es\",\"@id\":\"https:\\\/\\\/secure.gravatar.com\\\/avatar\\\/eceb98833812571c8fa91bf39e6af879b15c941d5bff9c5c19d78d003d04dfa9?s=96&d=mm&r=g\",\"url\":\"https:\\\/\\\/secure.gravatar.com\\\/avatar\\\/eceb98833812571c8fa91bf39e6af879b15c941d5bff9c5c19d78d003d04dfa9?s=96&d=mm&r=g\",\"contentUrl\":\"https:\\\/\\\/secure.gravatar.com\\\/avatar\\\/eceb98833812571c8fa91bf39e6af879b15c941d5bff9c5c19d78d003d04dfa9?s=96&d=mm&r=g\",\"caption\":\"RMS\"},\"url\":\"https:\\\/\\\/rms.cl\\\/RicardoMewes\\\/author\\\/mkt\\\/\"}]}<\/script>\n<!-- \/ Yoast SEO plugin. -->","yoast_head_json":{"title":"Requisitos SAG para veh\u00edculos importados en Chile: medidas 2026","description":"El SAG estableci\u00f3 medidas fitosanitarias para veh\u00edculos nuevos y usados importados. Conozca la Resoluci\u00f3n y sus principales exigencias.","robots":{"index":"index","follow":"follow","max-snippet":"max-snippet:-1","max-image-preview":"max-image-preview:large","max-video-preview":"max-video-preview:-1"},"canonical":"https:\/\/rms.cl\/RicardoMewes\/2026\/08\/27\/requisitos-sag-vehiculos-importados-chile\/","og_locale":"es_ES","og_type":"article","og_title":"Requisitos SAG para veh\u00edculos importados en Chile: medidas 2026","og_description":"El SAG estableci\u00f3 medidas fitosanitarias para veh\u00edculos nuevos y usados importados. Conozca la Resoluci\u00f3n y sus principales exigencias.","og_url":"https:\/\/rms.cl\/RicardoMewes\/2026\/08\/27\/requisitos-sag-vehiculos-importados-chile\/","og_site_name":"RMS Ricardo\u00a0Mewes\u00a0Schnaidt","article_published_time":"2026-08-27T16:26:44+00:00","article_modified_time":"2026-08-27T16:27:33+00:00","og_image":[{"width":2240,"height":1260,"url":"https:\/\/rms.cl\/wp-content\/uploads\/2026\/02\/Clasificacion-arancelaria.jpg","type":"image\/jpeg"}],"author":"RMS","twitter_card":"summary_large_image","twitter_misc":{"Escrito por":"RMS","Tiempo de lectura":"1 minuto"},"schema":{"@context":"https:\/\/schema.org","@graph":[{"@type":"Article","@id":"https:\/\/rms.cl\/RicardoMewes\/2026\/08\/27\/requisitos-sag-vehiculos-importados-chile\/#article","isPartOf":{"@id":"https:\/\/rms.cl\/RicardoMewes\/2026\/08\/27\/requisitos-sag-vehiculos-importados-chile\/"},"author":{"name":"RMS","@id":"https:\/\/rms.cl\/RicardoMewes\/#\/schema\/person\/af70fa4a340a489c31757182767917ba"},"headline":"SAG establece medidas fitosanitarias para veh\u00edculos importados: \u00bfqu\u00e9 deben considerar los importadores?","datePublished":"2026-08-27T16:26:44+00:00","dateModified":"2026-08-27T16:27:33+00:00","mainEntityOfPage":{"@id":"https:\/\/rms.cl\/RicardoMewes\/2026\/08\/27\/requisitos-sag-vehiculos-importados-chile\/"},"wordCount":846,"publisher":{"@id":"https:\/\/rms.cl\/RicardoMewes\/#organization"},"image":{"@id":"https:\/\/rms.cl\/RicardoMewes\/2026\/08\/27\/requisitos-sag-vehiculos-importados-chile\/#primaryimage"},"thumbnailUrl":"https:\/\/rms.cl\/wp-content\/uploads\/2026\/02\/Clasificacion-arancelaria.jpg","articleSection":["RMS"],"inLanguage":"es"},{"@type":"WebPage","@id":"https:\/\/rms.cl\/RicardoMewes\/2026\/08\/27\/requisitos-sag-vehiculos-importados-chile\/","url":"https:\/\/rms.cl\/RicardoMewes\/2026\/08\/27\/requisitos-sag-vehiculos-importados-chile\/","name":"Requisitos SAG para veh\u00edculos importados en Chile: medidas 2026","isPartOf":{"@id":"https:\/\/rms.cl\/RicardoMewes\/#website"},"primaryImageOfPage":{"@id":"https:\/\/rms.cl\/RicardoMewes\/2026\/08\/27\/requisitos-sag-vehiculos-importados-chile\/#primaryimage"},"image":{"@id":"https:\/\/rms.cl\/RicardoMewes\/2026\/08\/27\/requisitos-sag-vehiculos-importados-chile\/#primaryimage"},"thumbnailUrl":"https:\/\/rms.cl\/wp-content\/uploads\/2026\/02\/Clasificacion-arancelaria.jpg","datePublished":"2026-08-27T16:26:44+00:00","dateModified":"2026-08-27T16:27:33+00:00","description":"El SAG estableci\u00f3 medidas fitosanitarias para veh\u00edculos nuevos y usados importados. Conozca la Resoluci\u00f3n y sus principales exigencias.","breadcrumb":{"@id":"https:\/\/rms.cl\/RicardoMewes\/2026\/08\/27\/requisitos-sag-vehiculos-importados-chile\/#breadcrumb"},"inLanguage":"es","potentialAction":[{"@type":"ReadAction","target":["https:\/\/rms.cl\/RicardoMewes\/2026\/08\/27\/requisitos-sag-vehiculos-importados-chile\/"]}]},{"@type":"ImageObject","inLanguage":"es","@id":"https:\/\/rms.cl\/RicardoMewes\/2026\/08\/27\/requisitos-sag-vehiculos-importados-chile\/#primaryimage","url":"https:\/\/rms.cl\/wp-content\/uploads\/2026\/02\/Clasificacion-arancelaria.jpg","contentUrl":"https:\/\/rms.cl\/wp-content\/uploads\/2026\/02\/Clasificacion-arancelaria.jpg","width":2240,"height":1260,"caption":"Clasificaci\u00f3n arancelaria: qu\u00e9 es y por qu\u00e9 es clave en el comercio exterior"},{"@type":"BreadcrumbList","@id":"https:\/\/rms.cl\/RicardoMewes\/2026\/08\/27\/requisitos-sag-vehiculos-importados-chile\/#breadcrumb","itemListElement":[{"@type":"ListItem","position":1,"name":"Portada","item":"https:\/\/rms.cl\/RicardoMewes\/"},{"@type":"ListItem","position":2,"name":"SAG establece medidas fitosanitarias para veh\u00edculos importados: \u00bfqu\u00e9 deben considerar los importadores?"}]},{"@type":"WebSite","@id":"https:\/\/rms.cl\/RicardoMewes\/#website","url":"https:\/\/rms.cl\/RicardoMewes\/","name":"RMS Ricardo\u00a0Mewes\u00a0Schnaidt","description":"Agencia\u00a0de\u00a0Aduanas","publisher":{"@id":"https:\/\/rms.cl\/RicardoMewes\/#organization"},"potentialAction":[{"@type":"SearchAction","target":{"@type":"EntryPoint","urlTemplate":"https:\/\/rms.cl\/RicardoMewes\/?s={search_term_string}"},"query-input":{"@type":"PropertyValueSpecification","valueRequired":true,"valueName":"search_term_string"}}],"inLanguage":"es"},{"@type":"Organization","@id":"https:\/\/rms.cl\/RicardoMewes\/#organization","name":"RMS Ricardo\u00a0Mewes\u00a0Schnaidt","url":"https:\/\/rms.cl\/RicardoMewes\/","logo":{"@type":"ImageObject","inLanguage":"es","@id":"https:\/\/rms.cl\/RicardoMewes\/#\/schema\/logo\/image\/","url":"https:\/\/rms.cl\/wp-content\/uploads\/2024\/04\/WhatsApp-Image-2024-04-10-at-08.21.12.jpeg","contentUrl":"https:\/\/rms.cl\/wp-content\/uploads\/2024\/04\/WhatsApp-Image-2024-04-10-at-08.21.12.jpeg","width":512,"height":512,"caption":"RMS Ricardo\u00a0Mewes\u00a0Schnaidt"},"image":{"@id":"https:\/\/rms.cl\/RicardoMewes\/#\/schema\/logo\/image\/"}},{"@type":"Person","@id":"https:\/\/rms.cl\/RicardoMewes\/#\/schema\/person\/af70fa4a340a489c31757182767917ba","name":"RMS","image":{"@type":"ImageObject","inLanguage":"es","@id":"https:\/\/secure.gravatar.com\/avatar\/eceb98833812571c8fa91bf39e6af879b15c941d5bff9c5c19d78d003d04dfa9?s=96&d=mm&r=g","url":"https:\/\/secure.gravatar.com\/avatar\/eceb98833812571c8fa91bf39e6af879b15c941d5bff9c5c19d78d003d04dfa9?s=96&d=mm&r=g","contentUrl":"https:\/\/secure.gravatar.com\/avatar\/eceb98833812571c8fa91bf39e6af879b15c941d5bff9c5c19d78d003d04dfa9?s=96&d=mm&r=g","caption":"RMS"},"url":"https:\/\/rms.cl\/RicardoMewes\/author\/mkt\/"}]}},"_links":{"self":[{"href":"https:\/\/rms.cl\/RicardoMewes\/wp-json\/wp\/v2\/posts\/2999","targetHints":{"allow":["GET"]}}],"collection":[{"href":"https:\/\/rms.cl\/RicardoMewes\/wp-json\/wp\/v2\/posts"}],"about":[{"href":"https:\/\/rms.cl\/RicardoMewes\/wp-json\/wp\/v2\/types\/post"}],"author":[{"embeddable":true,"href":"https:\/\/rms.cl\/RicardoMewes\/wp-json\/wp\/v2\/users\/7"}],"replies":[{"embeddable":true,"href":"https:\/\/rms.cl\/RicardoMewes\/wp-json\/wp\/v2\/comments?post=2999"}],"version-history":[{"count":3,"href":"https:\/\/rms.cl\/RicardoMewes\/wp-json\/wp\/v2\/posts\/2999\/revisions"}],"predecessor-version":[{"id":3002,"href":"https:\/\/rms.cl\/RicardoMewes\/wp-json\/wp\/v2\/posts\/2999\/revisions\/3002"}],"wp:featuredmedia":[{"embeddable":true,"href":"https:\/\/rms.cl\/RicardoMewes\/wp-json\/wp\/v2\/media\/2404"}],"wp:attachment":[{"href":"https:\/\/rms.cl\/RicardoMewes\/wp-json\/wp\/v2\/media?parent=2999"}],"wp:term":[{"taxonomy":"category","embeddable":true,"href":"https:\/\/rms.cl\/RicardoMewes\/wp-json\/wp\/v2\/categories?post=2999"},{"taxonomy":"post_tag","embeddable":true,"href":"https:\/\/rms.cl\/RicardoMewes\/wp-json\/wp\/v2\/tags?post=2999"}],"curies":[{"name":"wp","href":"https:\/\/api.w.org\/{rel}","templated":true}]}}