{"id":3003,"date":"2026-07-28T11:29:00","date_gmt":"2026-07-28T14:29:00","guid":{"rendered":"https:\/\/rms.cl\/RicardoMewes\/?p=3003"},"modified":"2026-08-27T13:32:17","modified_gmt":"2026-08-27T16:32:17","slug":"requisitos-importar-semillas-chile-sag-2026","status":"publish","type":"post","link":"https:\/\/rms.cl\/RicardoMewes\/2026\/07\/28\/requisitos-importar-semillas-chile-sag-2026\/","title":{"rendered":"SAG actualiza requisitos fitosanitarios para la importaci\u00f3n de semillas a Chile"},"content":{"rendered":"<p>[et_pb_section fb_built=\u00bb1&#8243; theme_builder_area=\u00bbpost_content\u00bb _builder_version=\u00bb4.27.7&#8243; _module_preset=\u00bbdefault\u00bb][et_pb_row _builder_version=\u00bb4.27.7&#8243; _module_preset=\u00bbdefault\u00bb theme_builder_area=\u00bbpost_content\u00bb][et_pb_column _builder_version=\u00bb4.27.7&#8243; _module_preset=\u00bbdefault\u00bb type=\u00bb4_4&#8243; theme_builder_area=\u00bbpost_content\u00bb][et_pb_text _builder_version=\u00bb4.27.7&#8243; _module_preset=\u00bbdefault\u00bb theme_builder_area=\u00bbpost_content\u00bb hover_enabled=\u00bb0&#8243; sticky_enabled=\u00bb0&#8243;]<\/p>\n<p style=\"text-align: justify;\"><span style=\"font-weight: 400;\">La importaci\u00f3n de semillas a Chile est\u00e1 sujeta a controles destinados a proteger el patrimonio fitosanitario del pa\u00eds y evitar el ingreso de plagas que puedan afectar la producci\u00f3n agr\u00edcola nacional.<\/span><\/p>\n<p style=\"text-align: justify;\"><span style=\"font-weight: 400;\">En este contexto, el Servicio Agr\u00edcola y Ganadero (SAG) public\u00f3 la <\/span><b>Resoluci\u00f3n Exenta N\u00b04.425\/2026<\/b><span style=\"font-weight: 400;\">, que establece nuevos requisitos fitosanitarios para los env\u00edos de semillas de cualquier especie y procedentes de cualquier origen, espec\u00edficamente en relaci\u00f3n con el control de <\/span><b>malezas cuarentenarias<\/b><span style=\"font-weight: 400;\">.<\/span><\/p>\n<p style=\"text-align: justify;\"><span style=\"font-weight: 400;\">La resoluci\u00f3n fue promulgada el 15 de mayo de 2026, publicada en el Diario Oficial el 28 de mayo y actualmente se encuentra vigente. Adem\u00e1s, deroga la Resoluci\u00f3n SAG N\u00b03.139 de 2003, actualizando una regulaci\u00f3n que llevaba m\u00e1s de dos d\u00e9cadas vigente.\u00a0<\/span><\/p>\n<h2 style=\"text-align: justify;\"><b>\u00bfPor qu\u00e9 el SAG actualiz\u00f3 los requisitos para importar semillas?<\/b><\/h2>\n<p style=\"text-align: justify;\"><span style=\"font-weight: 400;\">Las semillas pueden actuar como una v\u00eda de ingreso de especies vegetales consideradas plagas o malezas cuarentenarias.<\/span><\/p>\n<p style=\"text-align: justify;\"><span style=\"font-weight: 400;\">El SAG explica en la nueva resoluci\u00f3n que la actualizaci\u00f3n responde, entre otros factores, a nueva evidencia cient\u00edfica y a los <\/span><b>An\u00e1lisis de Riesgo de Plagas (ARP)<\/b><span style=\"font-weight: 400;\"> que el organismo realiza peri\u00f3dicamente.<\/span><\/p>\n<p style=\"text-align: justify;\"><span style=\"font-weight: 400;\">Estos antecedentes han llevado a actualizar la lista de plagas cuarentenarias para Chile, incluyendo nuevas malezas asociadas a semillas de especies hort\u00edcolas, cultivos industriales y ornamentales.\u00a0<\/span><\/p>\n<p style=\"text-align: justify;\"><span style=\"font-weight: 400;\">El objetivo, por lo tanto, es actualizar las medidas preventivas frente a riesgos que han evolucionado desde que se estableci\u00f3 la normativa anterior en 2003.<\/span><\/p>\n<h2 style=\"text-align: justify;\"><b>\u00bfA qu\u00e9 importaciones se aplica la Resoluci\u00f3n N\u00b04.425?<\/b><\/h2>\n<p style=\"text-align: justify;\"><span style=\"font-weight: 400;\">Uno de los aspectos importantes de la nueva normativa es su amplitud.<\/span><\/p>\n<p style=\"text-align: justify;\"><span style=\"font-weight: 400;\">La resoluci\u00f3n establece requisitos fitosanitarios para <\/span><b>env\u00edos de semillas de cualquier especie y procedentes de todo origen<\/b><span style=\"font-weight: 400;\">, con el prop\u00f3sito de evitar el ingreso de malezas cuarentenarias al pa\u00eds.\u00a0<\/span><\/p>\n<p style=\"text-align: justify;\"><span style=\"font-weight: 400;\">Esto hace especialmente relevante que quienes importan semillas revisen las exigencias aplicables antes de coordinar el env\u00edo hacia Chile y no una vez que la mercanc\u00eda se encuentra en tr\u00e1nsito.<\/span><\/p>\n<h2 style=\"text-align: justify;\"><b>El Certificado de An\u00e1lisis de Semillas adquiere especial relevancia<\/b><\/h2>\n<p style=\"text-align: justify;\"><span style=\"font-weight: 400;\">Dentro de las exigencias para la importaci\u00f3n de semillas, uno de los antecedentes centrales es el <\/span><b>Certificado o Bolet\u00edn Internacional de An\u00e1lisis de Semillas<\/b><span style=\"font-weight: 400;\">.<\/span><\/p>\n<p style=\"text-align: justify;\"><span style=\"font-weight: 400;\">La nueva resoluci\u00f3n reconoce documentos emitidos por laboratorios acreditados por organismos como la International Seed Testing Association (ISTA), la Association of Official Seed Analysts (AOSA)\/Society of Commercial Seed Technologists o por la Organizaci\u00f3n Nacional de Protecci\u00f3n Fitosanitaria del pa\u00eds exportador.\u00a0<\/span><\/p>\n<p style=\"text-align: justify;\"><span style=\"font-weight: 400;\">El SAG tambi\u00e9n se\u00f1ala actualmente, dentro de sus requisitos generales para la importaci\u00f3n de semillas, que estas deben encontrarse libres de malezas cuarentenarias y de malezas no cuarentenarias reglamentadas, condici\u00f3n que debe respaldarse mediante el correspondiente an\u00e1lisis de semillas.\u00a0<\/span><\/p>\n<p style=\"text-align: justify;\"><span style=\"font-weight: 400;\">Para el importador, esto significa que la coordinaci\u00f3n documental con el proveedor y los organismos correspondientes en origen resulta fundamental.<\/span><\/p>\n<h2 style=\"text-align: justify;\"><b>\u00bfQu\u00e9 significa el cambio para los importadores?<\/b><\/h2>\n<p style=\"text-align: justify;\"><span style=\"font-weight: 400;\">M\u00e1s que considerar esta actualizaci\u00f3n como un tr\u00e1mite adicional, es importante entenderla como una modificaci\u00f3n que puede incidir en la preparaci\u00f3n de una operaci\u00f3n.<\/span><\/p>\n<p style=\"text-align: justify;\"><span style=\"font-weight: 400;\">Antes del embarque, ser\u00e1 necesario verificar que las semillas cumplan con los requisitos fitosanitarios vigentes y que los antecedentes emitidos en origen sean compatibles con las exigencias del SAG.<\/span><\/p>\n<p style=\"text-align: justify;\"><span style=\"font-weight: 400;\">Una diferencia entre la documentaci\u00f3n presentada y las condiciones establecidas por la autoridad puede traducirse en observaciones al momento del ingreso de la mercanc\u00eda.<\/span><\/p>\n<p style=\"text-align: justify;\"><span style=\"font-weight: 400;\">Tambi\u00e9n resulta importante considerar que los requisitos relacionados con malezas cuarentenarias forman parte de un conjunto m\u00e1s amplio de exigencias. El SAG mantiene, por ejemplo, disposiciones relacionadas con la designaci\u00f3n de variedades, calidad de las semillas y malezas no cuarentenarias reglamentadas.\u00a0<\/span><\/p>\n<p style=\"text-align: justify;\"><span style=\"font-weight: 400;\">Por ello, cada importaci\u00f3n debe evaluarse considerando las caracter\u00edsticas espec\u00edficas del producto.<\/span><\/p>\n<h2 style=\"text-align: justify;\"><b>Anticipar los requisitos desde el origen<\/b><\/h2>\n<p style=\"text-align: justify;\"><span style=\"font-weight: 400;\">La Resoluci\u00f3n N\u00b04.425\/2026 refuerza un principio que resulta especialmente importante en operaciones sujetas a control fitosanitario: <\/span><b>la preparaci\u00f3n debe comenzar antes de que la mercanc\u00eda sea embarcada<\/b><span style=\"font-weight: 400;\">.<\/span><\/p>\n<p style=\"text-align: justify;\"><span style=\"font-weight: 400;\">Coordinar oportunamente los certificados, identificar los requisitos aplicables y revisar la documentaci\u00f3n permite disminuir contingencias al momento del ingreso a Chile.<\/span><\/p>\n<p style=\"text-align: justify;\"><span style=\"font-weight: 400;\">Desde RMS recomendamos a las empresas que importan semillas revisar sus procedimientos junto a proveedores y contrapartes en origen para asegurarse de trabajar con los nuevos requisitos vigentes.<\/span><\/p>\n<p style=\"text-align: justify;\"><span style=\"font-weight: 400;\">Nuestro equipo puede apoyar la revisi\u00f3n aduanera y documental de cada operaci\u00f3n, ayudando a identificar anticipadamente los antecedentes que deber\u00e1n considerarse para su ingreso al pa\u00eds.<\/span><\/p>\n<p>[\/et_pb_text][\/et_pb_column][\/et_pb_row][\/et_pb_section]<\/p>\n","protected":false},"excerpt":{"rendered":"<p>La importaci\u00f3n de semillas a Chile est\u00e1 sujeta a controles destinados a proteger el patrimonio fitosanitario del pa\u00eds y evitar el ingreso de plagas que puedan afectar la producci\u00f3n agr\u00edcola nacional. En este contexto, el Servicio Agr\u00edcola y Ganadero (SAG) public\u00f3 la Resoluci\u00f3n Exenta N\u00b04.425\/2026, que establece nuevos requisitos fitosanitarios para los env\u00edos de semillas [&hellip;]<\/p>\n","protected":false},"author":7,"featured_media":2304,"comment_status":"closed","ping_status":"closed","sticky":false,"template":"","format":"standard","meta":{"_et_pb_use_builder":"on","_et_pb_old_content":"","_et_gb_content_width":"","footnotes":""},"categories":[11],"tags":[],"class_list":["post-3003","post","type-post","status-publish","format-standard","has-post-thumbnail","hentry","category-rms"],"yoast_head":"<!-- This site is optimized with the Yoast SEO plugin v28.4 - https:\/\/yoast.com\/product\/yoast-seo-wordpress\/ -->\n<title>SAG actualiza requisitos para importar semillas a Chile en 2026<\/title>\n<meta name=\"description\" content=\"Conozca los nuevos requisitos del SAG para importar semillas a Chile y qu\u00e9 deben revisar los importadores.\" \/>\n<meta name=\"robots\" content=\"index, follow, max-snippet:-1, max-image-preview:large, max-video-preview:-1\" \/>\n<link rel=\"canonical\" href=\"https:\/\/rms.cl\/RicardoMewes\/2026\/07\/28\/requisitos-importar-semillas-chile-sag-2026\/\" \/>\n<meta property=\"og:locale\" content=\"es_ES\" \/>\n<meta property=\"og:type\" content=\"article\" \/>\n<meta property=\"og:title\" content=\"SAG actualiza requisitos para importar semillas a Chile en 2026\" \/>\n<meta property=\"og:description\" content=\"Conozca los nuevos requisitos del SAG para importar semillas a Chile y qu\u00e9 deben revisar los importadores.\" \/>\n<meta property=\"og:url\" content=\"https:\/\/rms.cl\/RicardoMewes\/2026\/07\/28\/requisitos-importar-semillas-chile-sag-2026\/\" \/>\n<meta property=\"og:site_name\" content=\"RMS Ricardo\u00a0Mewes\u00a0Schnaidt\" \/>\n<meta property=\"article:published_time\" content=\"2026-07-28T14:29:00+00:00\" \/>\n<meta property=\"article:modified_time\" content=\"2026-08-27T16:32:17+00:00\" \/>\n<meta property=\"og:image\" content=\"https:\/\/rms.cl\/wp-content\/uploads\/2026\/01\/fiscalizacion-aduanera-1.jpg\" \/>\n\t<meta property=\"og:image:width\" content=\"2240\" \/>\n\t<meta property=\"og:image:height\" content=\"1260\" \/>\n\t<meta property=\"og:image:type\" content=\"image\/jpeg\" \/>\n<meta name=\"author\" content=\"RMS\" \/>\n<meta name=\"twitter:card\" content=\"summary_large_image\" \/>\n<meta name=\"twitter:label1\" content=\"Escrito por\" \/>\n\t<meta name=\"twitter:data1\" content=\"RMS\" \/>\n\t<meta name=\"twitter:label2\" content=\"Tiempo de lectura\" \/>\n\t<meta name=\"twitter:data2\" content=\"1 minuto\" \/>\n<script type=\"application\/ld+json\" class=\"yoast-schema-graph\">{\"@context\":\"https:\\\/\\\/schema.org\",\"@graph\":[{\"@type\":\"Article\",\"@id\":\"https:\\\/\\\/rms.cl\\\/RicardoMewes\\\/2026\\\/07\\\/28\\\/requisitos-importar-semillas-chile-sag-2026\\\/#article\",\"isPartOf\":{\"@id\":\"https:\\\/\\\/rms.cl\\\/RicardoMewes\\\/2026\\\/07\\\/28\\\/requisitos-importar-semillas-chile-sag-2026\\\/\"},\"author\":{\"name\":\"RMS\",\"@id\":\"https:\\\/\\\/rms.cl\\\/RicardoMewes\\\/#\\\/schema\\\/person\\\/af70fa4a340a489c31757182767917ba\"},\"headline\":\"SAG actualiza requisitos fitosanitarios para la importaci\u00f3n de semillas a Chile\",\"datePublished\":\"2026-07-28T14:29:00+00:00\",\"dateModified\":\"2026-08-27T16:32:17+00:00\",\"mainEntityOfPage\":{\"@id\":\"https:\\\/\\\/rms.cl\\\/RicardoMewes\\\/2026\\\/07\\\/28\\\/requisitos-importar-semillas-chile-sag-2026\\\/\"},\"wordCount\":825,\"publisher\":{\"@id\":\"https:\\\/\\\/rms.cl\\\/RicardoMewes\\\/#organization\"},\"image\":{\"@id\":\"https:\\\/\\\/rms.cl\\\/RicardoMewes\\\/2026\\\/07\\\/28\\\/requisitos-importar-semillas-chile-sag-2026\\\/#primaryimage\"},\"thumbnailUrl\":\"https:\\\/\\\/rms.cl\\\/wp-content\\\/uploads\\\/2026\\\/01\\\/fiscalizacion-aduanera-1.jpg\",\"articleSection\":[\"RMS\"],\"inLanguage\":\"es\"},{\"@type\":\"WebPage\",\"@id\":\"https:\\\/\\\/rms.cl\\\/RicardoMewes\\\/2026\\\/07\\\/28\\\/requisitos-importar-semillas-chile-sag-2026\\\/\",\"url\":\"https:\\\/\\\/rms.cl\\\/RicardoMewes\\\/2026\\\/07\\\/28\\\/requisitos-importar-semillas-chile-sag-2026\\\/\",\"name\":\"SAG actualiza requisitos para importar semillas a Chile en 2026\",\"isPartOf\":{\"@id\":\"https:\\\/\\\/rms.cl\\\/RicardoMewes\\\/#website\"},\"primaryImageOfPage\":{\"@id\":\"https:\\\/\\\/rms.cl\\\/RicardoMewes\\\/2026\\\/07\\\/28\\\/requisitos-importar-semillas-chile-sag-2026\\\/#primaryimage\"},\"image\":{\"@id\":\"https:\\\/\\\/rms.cl\\\/RicardoMewes\\\/2026\\\/07\\\/28\\\/requisitos-importar-semillas-chile-sag-2026\\\/#primaryimage\"},\"thumbnailUrl\":\"https:\\\/\\\/rms.cl\\\/wp-content\\\/uploads\\\/2026\\\/01\\\/fiscalizacion-aduanera-1.jpg\",\"datePublished\":\"2026-07-28T14:29:00+00:00\",\"dateModified\":\"2026-08-27T16:32:17+00:00\",\"description\":\"Conozca los nuevos requisitos del SAG para importar semillas a Chile y qu\u00e9 deben revisar los importadores.\",\"breadcrumb\":{\"@id\":\"https:\\\/\\\/rms.cl\\\/RicardoMewes\\\/2026\\\/07\\\/28\\\/requisitos-importar-semillas-chile-sag-2026\\\/#breadcrumb\"},\"inLanguage\":\"es\",\"potentialAction\":[{\"@type\":\"ReadAction\",\"target\":[\"https:\\\/\\\/rms.cl\\\/RicardoMewes\\\/2026\\\/07\\\/28\\\/requisitos-importar-semillas-chile-sag-2026\\\/\"]}]},{\"@type\":\"ImageObject\",\"inLanguage\":\"es\",\"@id\":\"https:\\\/\\\/rms.cl\\\/RicardoMewes\\\/2026\\\/07\\\/28\\\/requisitos-importar-semillas-chile-sag-2026\\\/#primaryimage\",\"url\":\"https:\\\/\\\/rms.cl\\\/wp-content\\\/uploads\\\/2026\\\/01\\\/fiscalizacion-aduanera-1.jpg\",\"contentUrl\":\"https:\\\/\\\/rms.cl\\\/wp-content\\\/uploads\\\/2026\\\/01\\\/fiscalizacion-aduanera-1.jpg\",\"width\":2240,\"height\":1260},{\"@type\":\"BreadcrumbList\",\"@id\":\"https:\\\/\\\/rms.cl\\\/RicardoMewes\\\/2026\\\/07\\\/28\\\/requisitos-importar-semillas-chile-sag-2026\\\/#breadcrumb\",\"itemListElement\":[{\"@type\":\"ListItem\",\"position\":1,\"name\":\"Portada\",\"item\":\"https:\\\/\\\/rms.cl\\\/RicardoMewes\\\/\"},{\"@type\":\"ListItem\",\"position\":2,\"name\":\"SAG actualiza requisitos fitosanitarios para la importaci\u00f3n de semillas a Chile\"}]},{\"@type\":\"WebSite\",\"@id\":\"https:\\\/\\\/rms.cl\\\/RicardoMewes\\\/#website\",\"url\":\"https:\\\/\\\/rms.cl\\\/RicardoMewes\\\/\",\"name\":\"RMS Ricardo\u00a0Mewes\u00a0Schnaidt\",\"description\":\"Agencia\u00a0de\u00a0Aduanas\",\"publisher\":{\"@id\":\"https:\\\/\\\/rms.cl\\\/RicardoMewes\\\/#organization\"},\"potentialAction\":[{\"@type\":\"SearchAction\",\"target\":{\"@type\":\"EntryPoint\",\"urlTemplate\":\"https:\\\/\\\/rms.cl\\\/RicardoMewes\\\/?s={search_term_string}\"},\"query-input\":{\"@type\":\"PropertyValueSpecification\",\"valueRequired\":true,\"valueName\":\"search_term_string\"}}],\"inLanguage\":\"es\"},{\"@type\":\"Organization\",\"@id\":\"https:\\\/\\\/rms.cl\\\/RicardoMewes\\\/#organization\",\"name\":\"RMS Ricardo\u00a0Mewes\u00a0Schnaidt\",\"url\":\"https:\\\/\\\/rms.cl\\\/RicardoMewes\\\/\",\"logo\":{\"@type\":\"ImageObject\",\"inLanguage\":\"es\",\"@id\":\"https:\\\/\\\/rms.cl\\\/RicardoMewes\\\/#\\\/schema\\\/logo\\\/image\\\/\",\"url\":\"https:\\\/\\\/rms.cl\\\/wp-content\\\/uploads\\\/2024\\\/04\\\/WhatsApp-Image-2024-04-10-at-08.21.12.jpeg\",\"contentUrl\":\"https:\\\/\\\/rms.cl\\\/wp-content\\\/uploads\\\/2024\\\/04\\\/WhatsApp-Image-2024-04-10-at-08.21.12.jpeg\",\"width\":512,\"height\":512,\"caption\":\"RMS Ricardo\u00a0Mewes\u00a0Schnaidt\"},\"image\":{\"@id\":\"https:\\\/\\\/rms.cl\\\/RicardoMewes\\\/#\\\/schema\\\/logo\\\/image\\\/\"}},{\"@type\":\"Person\",\"@id\":\"https:\\\/\\\/rms.cl\\\/RicardoMewes\\\/#\\\/schema\\\/person\\\/af70fa4a340a489c31757182767917ba\",\"name\":\"RMS\",\"image\":{\"@type\":\"ImageObject\",\"inLanguage\":\"es\",\"@id\":\"https:\\\/\\\/secure.gravatar.com\\\/avatar\\\/eceb98833812571c8fa91bf39e6af879b15c941d5bff9c5c19d78d003d04dfa9?s=96&d=mm&r=g\",\"url\":\"https:\\\/\\\/secure.gravatar.com\\\/avatar\\\/eceb98833812571c8fa91bf39e6af879b15c941d5bff9c5c19d78d003d04dfa9?s=96&d=mm&r=g\",\"contentUrl\":\"https:\\\/\\\/secure.gravatar.com\\\/avatar\\\/eceb98833812571c8fa91bf39e6af879b15c941d5bff9c5c19d78d003d04dfa9?s=96&d=mm&r=g\",\"caption\":\"RMS\"},\"url\":\"https:\\\/\\\/rms.cl\\\/RicardoMewes\\\/author\\\/mkt\\\/\"}]}<\/script>\n<!-- \/ Yoast SEO plugin. -->","yoast_head_json":{"title":"SAG actualiza requisitos para importar semillas a Chile en 2026","description":"Conozca los nuevos requisitos del SAG para importar semillas a Chile y qu\u00e9 deben revisar los importadores.","robots":{"index":"index","follow":"follow","max-snippet":"max-snippet:-1","max-image-preview":"max-image-preview:large","max-video-preview":"max-video-preview:-1"},"canonical":"https:\/\/rms.cl\/RicardoMewes\/2026\/07\/28\/requisitos-importar-semillas-chile-sag-2026\/","og_locale":"es_ES","og_type":"article","og_title":"SAG actualiza requisitos para importar semillas a Chile en 2026","og_description":"Conozca los nuevos requisitos del SAG para importar semillas a Chile y qu\u00e9 deben revisar los importadores.","og_url":"https:\/\/rms.cl\/RicardoMewes\/2026\/07\/28\/requisitos-importar-semillas-chile-sag-2026\/","og_site_name":"RMS Ricardo\u00a0Mewes\u00a0Schnaidt","article_published_time":"2026-07-28T14:29:00+00:00","article_modified_time":"2026-08-27T16:32:17+00:00","og_image":[{"width":2240,"height":1260,"url":"https:\/\/rms.cl\/wp-content\/uploads\/2026\/01\/fiscalizacion-aduanera-1.jpg","type":"image\/jpeg"}],"author":"RMS","twitter_card":"summary_large_image","twitter_misc":{"Escrito por":"RMS","Tiempo de lectura":"1 minuto"},"schema":{"@context":"https:\/\/schema.org","@graph":[{"@type":"Article","@id":"https:\/\/rms.cl\/RicardoMewes\/2026\/07\/28\/requisitos-importar-semillas-chile-sag-2026\/#article","isPartOf":{"@id":"https:\/\/rms.cl\/RicardoMewes\/2026\/07\/28\/requisitos-importar-semillas-chile-sag-2026\/"},"author":{"name":"RMS","@id":"https:\/\/rms.cl\/RicardoMewes\/#\/schema\/person\/af70fa4a340a489c31757182767917ba"},"headline":"SAG actualiza requisitos fitosanitarios para la importaci\u00f3n de semillas a Chile","datePublished":"2026-07-28T14:29:00+00:00","dateModified":"2026-08-27T16:32:17+00:00","mainEntityOfPage":{"@id":"https:\/\/rms.cl\/RicardoMewes\/2026\/07\/28\/requisitos-importar-semillas-chile-sag-2026\/"},"wordCount":825,"publisher":{"@id":"https:\/\/rms.cl\/RicardoMewes\/#organization"},"image":{"@id":"https:\/\/rms.cl\/RicardoMewes\/2026\/07\/28\/requisitos-importar-semillas-chile-sag-2026\/#primaryimage"},"thumbnailUrl":"https:\/\/rms.cl\/wp-content\/uploads\/2026\/01\/fiscalizacion-aduanera-1.jpg","articleSection":["RMS"],"inLanguage":"es"},{"@type":"WebPage","@id":"https:\/\/rms.cl\/RicardoMewes\/2026\/07\/28\/requisitos-importar-semillas-chile-sag-2026\/","url":"https:\/\/rms.cl\/RicardoMewes\/2026\/07\/28\/requisitos-importar-semillas-chile-sag-2026\/","name":"SAG actualiza requisitos para importar semillas a Chile en 2026","isPartOf":{"@id":"https:\/\/rms.cl\/RicardoMewes\/#website"},"primaryImageOfPage":{"@id":"https:\/\/rms.cl\/RicardoMewes\/2026\/07\/28\/requisitos-importar-semillas-chile-sag-2026\/#primaryimage"},"image":{"@id":"https:\/\/rms.cl\/RicardoMewes\/2026\/07\/28\/requisitos-importar-semillas-chile-sag-2026\/#primaryimage"},"thumbnailUrl":"https:\/\/rms.cl\/wp-content\/uploads\/2026\/01\/fiscalizacion-aduanera-1.jpg","datePublished":"2026-07-28T14:29:00+00:00","dateModified":"2026-08-27T16:32:17+00:00","description":"Conozca los nuevos requisitos del SAG para importar semillas a Chile y qu\u00e9 deben revisar los importadores.","breadcrumb":{"@id":"https:\/\/rms.cl\/RicardoMewes\/2026\/07\/28\/requisitos-importar-semillas-chile-sag-2026\/#breadcrumb"},"inLanguage":"es","potentialAction":[{"@type":"ReadAction","target":["https:\/\/rms.cl\/RicardoMewes\/2026\/07\/28\/requisitos-importar-semillas-chile-sag-2026\/"]}]},{"@type":"ImageObject","inLanguage":"es","@id":"https:\/\/rms.cl\/RicardoMewes\/2026\/07\/28\/requisitos-importar-semillas-chile-sag-2026\/#primaryimage","url":"https:\/\/rms.cl\/wp-content\/uploads\/2026\/01\/fiscalizacion-aduanera-1.jpg","contentUrl":"https:\/\/rms.cl\/wp-content\/uploads\/2026\/01\/fiscalizacion-aduanera-1.jpg","width":2240,"height":1260},{"@type":"BreadcrumbList","@id":"https:\/\/rms.cl\/RicardoMewes\/2026\/07\/28\/requisitos-importar-semillas-chile-sag-2026\/#breadcrumb","itemListElement":[{"@type":"ListItem","position":1,"name":"Portada","item":"https:\/\/rms.cl\/RicardoMewes\/"},{"@type":"ListItem","position":2,"name":"SAG actualiza requisitos fitosanitarios para la importaci\u00f3n de semillas a Chile"}]},{"@type":"WebSite","@id":"https:\/\/rms.cl\/RicardoMewes\/#website","url":"https:\/\/rms.cl\/RicardoMewes\/","name":"RMS Ricardo\u00a0Mewes\u00a0Schnaidt","description":"Agencia\u00a0de\u00a0Aduanas","publisher":{"@id":"https:\/\/rms.cl\/RicardoMewes\/#organization"},"potentialAction":[{"@type":"SearchAction","target":{"@type":"EntryPoint","urlTemplate":"https:\/\/rms.cl\/RicardoMewes\/?s={search_term_string}"},"query-input":{"@type":"PropertyValueSpecification","valueRequired":true,"valueName":"search_term_string"}}],"inLanguage":"es"},{"@type":"Organization","@id":"https:\/\/rms.cl\/RicardoMewes\/#organization","name":"RMS Ricardo\u00a0Mewes\u00a0Schnaidt","url":"https:\/\/rms.cl\/RicardoMewes\/","logo":{"@type":"ImageObject","inLanguage":"es","@id":"https:\/\/rms.cl\/RicardoMewes\/#\/schema\/logo\/image\/","url":"https:\/\/rms.cl\/wp-content\/uploads\/2024\/04\/WhatsApp-Image-2024-04-10-at-08.21.12.jpeg","contentUrl":"https:\/\/rms.cl\/wp-content\/uploads\/2024\/04\/WhatsApp-Image-2024-04-10-at-08.21.12.jpeg","width":512,"height":512,"caption":"RMS Ricardo\u00a0Mewes\u00a0Schnaidt"},"image":{"@id":"https:\/\/rms.cl\/RicardoMewes\/#\/schema\/logo\/image\/"}},{"@type":"Person","@id":"https:\/\/rms.cl\/RicardoMewes\/#\/schema\/person\/af70fa4a340a489c31757182767917ba","name":"RMS","image":{"@type":"ImageObject","inLanguage":"es","@id":"https:\/\/secure.gravatar.com\/avatar\/eceb98833812571c8fa91bf39e6af879b15c941d5bff9c5c19d78d003d04dfa9?s=96&d=mm&r=g","url":"https:\/\/secure.gravatar.com\/avatar\/eceb98833812571c8fa91bf39e6af879b15c941d5bff9c5c19d78d003d04dfa9?s=96&d=mm&r=g","contentUrl":"https:\/\/secure.gravatar.com\/avatar\/eceb98833812571c8fa91bf39e6af879b15c941d5bff9c5c19d78d003d04dfa9?s=96&d=mm&r=g","caption":"RMS"},"url":"https:\/\/rms.cl\/RicardoMewes\/author\/mkt\/"}]}},"_links":{"self":[{"href":"https:\/\/rms.cl\/RicardoMewes\/wp-json\/wp\/v2\/posts\/3003","targetHints":{"allow":["GET"]}}],"collection":[{"href":"https:\/\/rms.cl\/RicardoMewes\/wp-json\/wp\/v2\/posts"}],"about":[{"href":"https:\/\/rms.cl\/RicardoMewes\/wp-json\/wp\/v2\/types\/post"}],"author":[{"embeddable":true,"href":"https:\/\/rms.cl\/RicardoMewes\/wp-json\/wp\/v2\/users\/7"}],"replies":[{"embeddable":true,"href":"https:\/\/rms.cl\/RicardoMewes\/wp-json\/wp\/v2\/comments?post=3003"}],"version-history":[{"count":3,"href":"https:\/\/rms.cl\/RicardoMewes\/wp-json\/wp\/v2\/posts\/3003\/revisions"}],"predecessor-version":[{"id":3007,"href":"https:\/\/rms.cl\/RicardoMewes\/wp-json\/wp\/v2\/posts\/3003\/revisions\/3007"}],"wp:featuredmedia":[{"embeddable":true,"href":"https:\/\/rms.cl\/RicardoMewes\/wp-json\/wp\/v2\/media\/2304"}],"wp:attachment":[{"href":"https:\/\/rms.cl\/RicardoMewes\/wp-json\/wp\/v2\/media?parent=3003"}],"wp:term":[{"taxonomy":"category","embeddable":true,"href":"https:\/\/rms.cl\/RicardoMewes\/wp-json\/wp\/v2\/categories?post=3003"},{"taxonomy":"post_tag","embeddable":true,"href":"https:\/\/rms.cl\/RicardoMewes\/wp-json\/wp\/v2\/tags?post=3003"}],"curies":[{"name":"wp","href":"https:\/\/api.w.org\/{rel}","templated":true}]}}